{"id":9520,"date":"2023-02-04T08:28:56","date_gmt":"2023-02-04T13:28:56","guid":{"rendered":"https:\/\/www.effisca.com\/underused-housing-tax\/"},"modified":"2023-09-13T14:42:49","modified_gmt":"2023-09-13T18:42:49","slug":"underused-housing-tax","status":"publish","type":"post","link":"https:\/\/www.effisca.com\/en\/underused-housing-tax\/","title":{"rendered":"Underused housing tax"},"content":{"rendered":"\n<p>The Underused Housing Tax came into force on January 1<sup>st<\/sup>, 2022. It is therefore in 2023 that the tax obligations resulting from this measure will be applied. This tax targets non-residents as well as non-Canadians who own real estate in Canada that is vacant or underused. <\/p>\n\n<p>The tax also targets corporations owning residential buildings, whether the shareholder is Canadian or not. However, you may be exempt from this measure if you fall within the definition of excluded owner. Excluded owners include, but are not limited to, Canadian citizens, permanent residents, Canadian corporations whose shares are listed on a stock exchange in Canada, and registered charities.<\/p>\n\n<h2 class=\"wp-block-heading\">Affected owners<\/h2>\n\n<p>If you are an affected owner, it is <strong>mandatory<\/strong> that you file a tax return no later than April 30th of each year <strong>regardless<\/strong> of wether the buildings are vacant or underutilized. <\/p>\n\n<p>If your building or buildings are vacant or underutilized, you will have to pay the 1% tax unless you benefit from an exemption. Once again, if you benefit from an exemption, you still have the <strong>obligation to file a return<\/strong> in which you claim this exemption. <\/p>\n\n<p>Exemptions are grouped into four categories:<\/p>\n\n<ul class=\"wp-block-list\">\n<li>your situation as an owner (becomes an owner during a year);<\/li>\n\n\n\n<li>the availability of the building (damage, new construction, etc.);<\/li>\n\n\n\n<li>the location and use of the building (remote area \u2013 <a href=\"https:\/\/apps.cra-arc.gc.ca\/ebci\/sres\/ext\/pub\/ntrUhtExpnTl?request_locale=en_CA\" target=\"_blank\" rel=\"noreferrer noopener\">see here for the tool<\/a>);<\/li>\n\n\n\n<li>the person who occupies the building (non-arm&#8217;s length person).<\/li>\n<\/ul>\n\n<h2 class=\"wp-block-heading\">Calculation of the tax<\/h2>\n\n<p>The 1% tax is calculated based on the value of the residential building and your percentage of ownership (e.g. 50% if you are an owner). An alternative method can also be used, but it requires a licensed real estate appraiser.<\/p>\n\n<h2 class=\"wp-block-heading\">Penalty<\/h2>\n\n<p>Penalties of up to $10,000 may be assessed if you file your Underused Housing Tax return late.<\/p>\n\n<p>Do not hesitate to <a href=\"https:\/\/effisca.appointlet.com\/\">make an appointment with our tax experts<\/a> to validate if you benefit from an exemption or if you need assistance to prepare the calculation of the tax.<\/p>\n","protected":false},"excerpt":{"rendered":"<p>The Underused Housing Tax came into force on January 1st, 2022. It is therefore in 2023 that the tax obligations resulting from this measure will be applied. This tax targets non-residents as well as non-Canadians who own real estate in Canada that is vacant or underused. The tax also targets corporations owning residential buildings, whether [&hellip;]<\/p>\n","protected":false},"author":5,"featured_media":9656,"comment_status":"closed","ping_status":"closed","sticky":false,"template":"","format":"standard","meta":{"_acf_changed":false,"inline_featured_image":false,"footnotes":""},"categories":[70,357],"tags":[],"class_list":["post-9520","post","type-post","status-publish","format-standard","has-post-thumbnail","hentry","category-international-tax","category-real-estate-taxation"],"acf":[],"yoast_head":"<!-- This site is optimized with the Yoast SEO plugin v27.5 - https:\/\/yoast.com\/product\/yoast-seo-wordpress\/ -->\n<title>Underused housing tax - Effisca<\/title>\n<meta name=\"robots\" content=\"index, follow, max-snippet:-1, max-image-preview:large, max-video-preview:-1\" \/>\n<link rel=\"canonical\" href=\"https:\/\/www.effisca.com\/en\/underused-housing-tax\/\" \/>\n<meta property=\"og:locale\" content=\"en_US\" \/>\n<meta property=\"og:type\" content=\"article\" \/>\n<meta property=\"og:title\" content=\"Underused housing tax - Effisca\" \/>\n<meta property=\"og:description\" content=\"The Underused Housing Tax came into force on January 1st, 2022. It is therefore in 2023 that the tax obligations resulting from this measure will be applied. This tax targets non-residents as well as non-Canadians who own real estate in Canada that is vacant or underused. The tax also targets corporations owning residential buildings, whether [&hellip;]\" \/>\n<meta property=\"og:url\" content=\"https:\/\/www.effisca.com\/en\/underused-housing-tax\/\" \/>\n<meta property=\"og:site_name\" content=\"Effisca\" \/>\n<meta property=\"article:publisher\" content=\"https:\/\/www.facebook.com\/effisca\" \/>\n<meta property=\"article:published_time\" content=\"2023-02-04T13:28:56+00:00\" \/>\n<meta property=\"article:modified_time\" content=\"2023-09-13T18:42:49+00:00\" \/>\n<meta property=\"og:image\" content=\"https:\/\/www.effisca.com\/wp-content\/uploads\/2023\/02\/2-scaled.jpg\" \/>\n\t<meta property=\"og:image:width\" content=\"1200\" \/>\n\t<meta property=\"og:image:height\" content=\"814\" \/>\n\t<meta property=\"og:image:type\" content=\"image\/jpeg\" \/>\n<meta name=\"author\" content=\"Olivier Custeau, Fiscaliste, B.A.A., M. Fisc., EA\" \/>\n<meta name=\"twitter:card\" content=\"summary_large_image\" \/>\n<meta name=\"twitter:label1\" content=\"Written by\" \/>\n\t<meta name=\"twitter:data1\" content=\"Olivier Custeau, tax expert, B.A.A., M. Fisc., EA\" \/>\n\t<meta name=\"twitter:label2\" content=\"Est. reading time\" \/>\n\t<meta name=\"twitter:data2\" content=\"2 minutes\" \/>\n<script type=\"application\/ld+json\" class=\"yoast-schema-graph\">{\"@context\":\"https:\\\/\\\/schema.org\",\"@graph\":[{\"@type\":\"Article\",\"@id\":\"https:\\\/\\\/www.effisca.com\\\/en\\\/underused-housing-tax\\\/#article\",\"isPartOf\":{\"@id\":\"https:\\\/\\\/www.effisca.com\\\/en\\\/underused-housing-tax\\\/\"},\"author\":{\"name\":\"Olivier Custeau, Fiscaliste, B.A.A., M. Fisc., EA\",\"@id\":\"https:\\\/\\\/www.effisca.com\\\/en\\\/#\\\/schema\\\/person\\\/13d86d0788abc4808425f9f21115c887\"},\"headline\":\"Underused housing tax\",\"datePublished\":\"2023-02-04T13:28:56+00:00\",\"dateModified\":\"2023-09-13T18:42:49+00:00\",\"mainEntityOfPage\":{\"@id\":\"https:\\\/\\\/www.effisca.com\\\/en\\\/underused-housing-tax\\\/\"},\"wordCount\":326,\"publisher\":{\"@id\":\"https:\\\/\\\/www.effisca.com\\\/en\\\/#organization\"},\"image\":{\"@id\":\"https:\\\/\\\/www.effisca.com\\\/en\\\/underused-housing-tax\\\/#primaryimage\"},\"thumbnailUrl\":\"https:\\\/\\\/www.effisca.com\\\/wp-content\\\/uploads\\\/2023\\\/02\\\/2-scaled.jpg\",\"articleSection\":[\"International tax\",\"Real estate taxation\"],\"inLanguage\":\"en-US\"},{\"@type\":\"WebPage\",\"@id\":\"https:\\\/\\\/www.effisca.com\\\/en\\\/underused-housing-tax\\\/\",\"url\":\"https:\\\/\\\/www.effisca.com\\\/en\\\/underused-housing-tax\\\/\",\"name\":\"Underused housing tax - Effisca\",\"isPartOf\":{\"@id\":\"https:\\\/\\\/www.effisca.com\\\/en\\\/#website\"},\"primaryImageOfPage\":{\"@id\":\"https:\\\/\\\/www.effisca.com\\\/en\\\/underused-housing-tax\\\/#primaryimage\"},\"image\":{\"@id\":\"https:\\\/\\\/www.effisca.com\\\/en\\\/underused-housing-tax\\\/#primaryimage\"},\"thumbnailUrl\":\"https:\\\/\\\/www.effisca.com\\\/wp-content\\\/uploads\\\/2023\\\/02\\\/2-scaled.jpg\",\"datePublished\":\"2023-02-04T13:28:56+00:00\",\"dateModified\":\"2023-09-13T18:42:49+00:00\",\"breadcrumb\":{\"@id\":\"https:\\\/\\\/www.effisca.com\\\/en\\\/underused-housing-tax\\\/#breadcrumb\"},\"inLanguage\":\"en-US\",\"potentialAction\":[{\"@type\":\"ReadAction\",\"target\":[\"https:\\\/\\\/www.effisca.com\\\/en\\\/underused-housing-tax\\\/\"]}]},{\"@type\":\"ImageObject\",\"inLanguage\":\"en-US\",\"@id\":\"https:\\\/\\\/www.effisca.com\\\/en\\\/underused-housing-tax\\\/#primaryimage\",\"url\":\"https:\\\/\\\/www.effisca.com\\\/wp-content\\\/uploads\\\/2023\\\/02\\\/2-scaled.jpg\",\"contentUrl\":\"https:\\\/\\\/www.effisca.com\\\/wp-content\\\/uploads\\\/2023\\\/02\\\/2-scaled.jpg\",\"width\":1200,\"height\":814},{\"@type\":\"BreadcrumbList\",\"@id\":\"https:\\\/\\\/www.effisca.com\\\/en\\\/underused-housing-tax\\\/#breadcrumb\",\"itemListElement\":[{\"@type\":\"ListItem\",\"position\":1,\"name\":\"Accueil\",\"item\":\"https:\\\/\\\/www.effisca.com\\\/en\\\/\"},{\"@type\":\"ListItem\",\"position\":2,\"name\":\"Underused housing tax\"}]},{\"@type\":\"WebSite\",\"@id\":\"https:\\\/\\\/www.effisca.com\\\/en\\\/#website\",\"url\":\"https:\\\/\\\/www.effisca.com\\\/en\\\/\",\"name\":\"Effisca\",\"description\":\"Tax firm specializing in Canadian, US and international tax\",\"publisher\":{\"@id\":\"https:\\\/\\\/www.effisca.com\\\/en\\\/#organization\"},\"potentialAction\":[{\"@type\":\"SearchAction\",\"target\":{\"@type\":\"EntryPoint\",\"urlTemplate\":\"https:\\\/\\\/www.effisca.com\\\/en\\\/?s={search_term_string}\"},\"query-input\":{\"@type\":\"PropertyValueSpecification\",\"valueRequired\":true,\"valueName\":\"search_term_string\"}}],\"inLanguage\":\"en-US\"},{\"@type\":\"Organization\",\"@id\":\"https:\\\/\\\/www.effisca.com\\\/en\\\/#organization\",\"name\":\"Effisca\",\"url\":\"https:\\\/\\\/www.effisca.com\\\/en\\\/\",\"logo\":{\"@type\":\"ImageObject\",\"inLanguage\":\"en-US\",\"@id\":\"https:\\\/\\\/www.effisca.com\\\/en\\\/#\\\/schema\\\/logo\\\/image\\\/\",\"url\":\"https:\\\/\\\/www.effisca.com\\\/wp-content\\\/uploads\\\/2021\\\/01\\\/effisca-logo-1.png\",\"contentUrl\":\"https:\\\/\\\/www.effisca.com\\\/wp-content\\\/uploads\\\/2021\\\/01\\\/effisca-logo-1.png\",\"width\":1200,\"height\":355,\"caption\":\"Effisca\"},\"image\":{\"@id\":\"https:\\\/\\\/www.effisca.com\\\/en\\\/#\\\/schema\\\/logo\\\/image\\\/\"},\"sameAs\":[\"https:\\\/\\\/www.facebook.com\\\/effisca\",\"https:\\\/\\\/www.linkedin.com\\\/company\\\/effisca\\\/\"]},{\"@type\":\"Person\",\"@id\":\"https:\\\/\\\/www.effisca.com\\\/en\\\/#\\\/schema\\\/person\\\/13d86d0788abc4808425f9f21115c887\",\"name\":\"Olivier Custeau, Fiscaliste, B.A.A., M. Fisc., EA\",\"image\":{\"@type\":\"ImageObject\",\"inLanguage\":\"en-US\",\"@id\":\"https:\\\/\\\/www.effisca.com\\\/wp-content\\\/litespeed\\\/avatar\\\/cafaaeca2d221a4dd49ba965325bb350.jpg?ver=1777405239\",\"url\":\"https:\\\/\\\/www.effisca.com\\\/wp-content\\\/litespeed\\\/avatar\\\/cafaaeca2d221a4dd49ba965325bb350.jpg?ver=1777405239\",\"contentUrl\":\"https:\\\/\\\/www.effisca.com\\\/wp-content\\\/litespeed\\\/avatar\\\/cafaaeca2d221a4dd49ba965325bb350.jpg?ver=1777405239\",\"caption\":\"Olivier Custeau, Fiscaliste, B.A.A., M. Fisc., EA\"},\"description\":\"D\u00e9tenteur d\u2019un baccalaur\u00e9at en administration des affaires (B.A.A.) de l\u2019Universit\u00e9 Laval et d\u2019une ma\u00eetrise en fiscalit\u00e9 (M. Fisc.) de l\u2019Universit\u00e9 de Sherbrooke, Olivier a d\u00e9velopp\u00e9 une expertise en fiscalit\u00e9 am\u00e9ricaine et internationale en travaillant au sein d\u2019un cabinet renomm\u00e9. Au fil des ans, il a d\u00e9velopp\u00e9 un int\u00e9r\u00eat marqu\u00e9 pour la fiscalit\u00e9 am\u00e9ricaine. D\u2019ailleurs, il a obtenu 2019 le statut de Enrolled Agent, soit le plus haut niveau qu\u2019un professionnel peut atteindre pour repr\u00e9senter ses clients aupr\u00e8s de l\u2019Internal Revenue Service (IRS). Reconnu pour son approche rigoureuse, dynamique et humaine, Olivier est un atout pour l\u2019\u00e9quipe.\",\"url\":\"https:\\\/\\\/www.effisca.com\\\/en\\\/author\\\/olivier-custeau\\\/\"}]}<\/script>\n<!-- \/ Yoast SEO plugin. -->","yoast_head_json":{"title":"Underused housing tax - Effisca","robots":{"index":"index","follow":"follow","max-snippet":"max-snippet:-1","max-image-preview":"max-image-preview:large","max-video-preview":"max-video-preview:-1"},"canonical":"https:\/\/www.effisca.com\/en\/underused-housing-tax\/","og_locale":"en_US","og_type":"article","og_title":"Underused housing tax - Effisca","og_description":"The Underused Housing Tax came into force on January 1st, 2022. It is therefore in 2023 that the tax obligations resulting from this measure will be applied. This tax targets non-residents as well as non-Canadians who own real estate in Canada that is vacant or underused. The tax also targets corporations owning residential buildings, whether [&hellip;]","og_url":"https:\/\/www.effisca.com\/en\/underused-housing-tax\/","og_site_name":"Effisca","article_publisher":"https:\/\/www.facebook.com\/effisca","article_published_time":"2023-02-04T13:28:56+00:00","article_modified_time":"2023-09-13T18:42:49+00:00","og_image":[{"width":1200,"height":814,"url":"https:\/\/www.effisca.com\/wp-content\/uploads\/2023\/02\/2-scaled.jpg","type":"image\/jpeg"}],"author":"Olivier Custeau, Fiscaliste, B.A.A., M. Fisc., EA","twitter_card":"summary_large_image","twitter_misc":{"Written by":"Olivier Custeau, tax expert, B.A.A., M. Fisc., EA","Est. reading time":"2 minutes"},"schema":{"@context":"https:\/\/schema.org","@graph":[{"@type":"Article","@id":"https:\/\/www.effisca.com\/en\/underused-housing-tax\/#article","isPartOf":{"@id":"https:\/\/www.effisca.com\/en\/underused-housing-tax\/"},"author":{"name":"Olivier Custeau, Fiscaliste, B.A.A., M. Fisc., EA","@id":"https:\/\/www.effisca.com\/en\/#\/schema\/person\/13d86d0788abc4808425f9f21115c887"},"headline":"Underused housing tax","datePublished":"2023-02-04T13:28:56+00:00","dateModified":"2023-09-13T18:42:49+00:00","mainEntityOfPage":{"@id":"https:\/\/www.effisca.com\/en\/underused-housing-tax\/"},"wordCount":326,"publisher":{"@id":"https:\/\/www.effisca.com\/en\/#organization"},"image":{"@id":"https:\/\/www.effisca.com\/en\/underused-housing-tax\/#primaryimage"},"thumbnailUrl":"https:\/\/www.effisca.com\/wp-content\/uploads\/2023\/02\/2-scaled.jpg","articleSection":["International tax","Real estate taxation"],"inLanguage":"en-US"},{"@type":"WebPage","@id":"https:\/\/www.effisca.com\/en\/underused-housing-tax\/","url":"https:\/\/www.effisca.com\/en\/underused-housing-tax\/","name":"Underused housing tax - Effisca","isPartOf":{"@id":"https:\/\/www.effisca.com\/en\/#website"},"primaryImageOfPage":{"@id":"https:\/\/www.effisca.com\/en\/underused-housing-tax\/#primaryimage"},"image":{"@id":"https:\/\/www.effisca.com\/en\/underused-housing-tax\/#primaryimage"},"thumbnailUrl":"https:\/\/www.effisca.com\/wp-content\/uploads\/2023\/02\/2-scaled.jpg","datePublished":"2023-02-04T13:28:56+00:00","dateModified":"2023-09-13T18:42:49+00:00","breadcrumb":{"@id":"https:\/\/www.effisca.com\/en\/underused-housing-tax\/#breadcrumb"},"inLanguage":"en-US","potentialAction":[{"@type":"ReadAction","target":["https:\/\/www.effisca.com\/en\/underused-housing-tax\/"]}]},{"@type":"ImageObject","inLanguage":"en-US","@id":"https:\/\/www.effisca.com\/en\/underused-housing-tax\/#primaryimage","url":"https:\/\/www.effisca.com\/wp-content\/uploads\/2023\/02\/2-scaled.jpg","contentUrl":"https:\/\/www.effisca.com\/wp-content\/uploads\/2023\/02\/2-scaled.jpg","width":1200,"height":814},{"@type":"BreadcrumbList","@id":"https:\/\/www.effisca.com\/en\/underused-housing-tax\/#breadcrumb","itemListElement":[{"@type":"ListItem","position":1,"name":"Accueil","item":"https:\/\/www.effisca.com\/en\/"},{"@type":"ListItem","position":2,"name":"Underused housing tax"}]},{"@type":"WebSite","@id":"https:\/\/www.effisca.com\/en\/#website","url":"https:\/\/www.effisca.com\/en\/","name":"Effisca","description":"Tax firm specializing in Canadian, US and international tax","publisher":{"@id":"https:\/\/www.effisca.com\/en\/#organization"},"potentialAction":[{"@type":"SearchAction","target":{"@type":"EntryPoint","urlTemplate":"https:\/\/www.effisca.com\/en\/?s={search_term_string}"},"query-input":{"@type":"PropertyValueSpecification","valueRequired":true,"valueName":"search_term_string"}}],"inLanguage":"en-US"},{"@type":"Organization","@id":"https:\/\/www.effisca.com\/en\/#organization","name":"Effisca","url":"https:\/\/www.effisca.com\/en\/","logo":{"@type":"ImageObject","inLanguage":"en-US","@id":"https:\/\/www.effisca.com\/en\/#\/schema\/logo\/image\/","url":"https:\/\/www.effisca.com\/wp-content\/uploads\/2021\/01\/effisca-logo-1.png","contentUrl":"https:\/\/www.effisca.com\/wp-content\/uploads\/2021\/01\/effisca-logo-1.png","width":1200,"height":355,"caption":"Effisca"},"image":{"@id":"https:\/\/www.effisca.com\/en\/#\/schema\/logo\/image\/"},"sameAs":["https:\/\/www.facebook.com\/effisca","https:\/\/www.linkedin.com\/company\/effisca\/"]},{"@type":"Person","@id":"https:\/\/www.effisca.com\/en\/#\/schema\/person\/13d86d0788abc4808425f9f21115c887","name":"Olivier Custeau, Fiscaliste, B.A.A., M. Fisc., EA","image":{"@type":"ImageObject","inLanguage":"en-US","@id":"https:\/\/www.effisca.com\/wp-content\/litespeed\/avatar\/cafaaeca2d221a4dd49ba965325bb350.jpg?ver=1777405239","url":"https:\/\/www.effisca.com\/wp-content\/litespeed\/avatar\/cafaaeca2d221a4dd49ba965325bb350.jpg?ver=1777405239","contentUrl":"https:\/\/www.effisca.com\/wp-content\/litespeed\/avatar\/cafaaeca2d221a4dd49ba965325bb350.jpg?ver=1777405239","caption":"Olivier Custeau, Fiscaliste, B.A.A., M. Fisc., EA"},"description":"D\u00e9tenteur d\u2019un baccalaur\u00e9at en administration des affaires (B.A.A.) de l\u2019Universit\u00e9 Laval et d\u2019une ma\u00eetrise en fiscalit\u00e9 (M. Fisc.) de l\u2019Universit\u00e9 de Sherbrooke, Olivier a d\u00e9velopp\u00e9 une expertise en fiscalit\u00e9 am\u00e9ricaine et internationale en travaillant au sein d\u2019un cabinet renomm\u00e9. Au fil des ans, il a d\u00e9velopp\u00e9 un int\u00e9r\u00eat marqu\u00e9 pour la fiscalit\u00e9 am\u00e9ricaine. D\u2019ailleurs, il a obtenu 2019 le statut de Enrolled Agent, soit le plus haut niveau qu\u2019un professionnel peut atteindre pour repr\u00e9senter ses clients aupr\u00e8s de l\u2019Internal Revenue Service (IRS). Reconnu pour son approche rigoureuse, dynamique et humaine, Olivier est un atout pour l\u2019\u00e9quipe.","url":"https:\/\/www.effisca.com\/en\/author\/olivier-custeau\/"}]}},"_links":{"self":[{"href":"https:\/\/www.effisca.com\/en\/wp-json\/wp\/v2\/posts\/9520","targetHints":{"allow":["GET"]}}],"collection":[{"href":"https:\/\/www.effisca.com\/en\/wp-json\/wp\/v2\/posts"}],"about":[{"href":"https:\/\/www.effisca.com\/en\/wp-json\/wp\/v2\/types\/post"}],"author":[{"embeddable":true,"href":"https:\/\/www.effisca.com\/en\/wp-json\/wp\/v2\/users\/5"}],"replies":[{"embeddable":true,"href":"https:\/\/www.effisca.com\/en\/wp-json\/wp\/v2\/comments?post=9520"}],"version-history":[{"count":13,"href":"https:\/\/www.effisca.com\/en\/wp-json\/wp\/v2\/posts\/9520\/revisions"}],"predecessor-version":[{"id":10181,"href":"https:\/\/www.effisca.com\/en\/wp-json\/wp\/v2\/posts\/9520\/revisions\/10181"}],"wp:featuredmedia":[{"embeddable":true,"href":"https:\/\/www.effisca.com\/en\/wp-json\/wp\/v2\/media\/9656"}],"wp:attachment":[{"href":"https:\/\/www.effisca.com\/en\/wp-json\/wp\/v2\/media?parent=9520"}],"wp:term":[{"taxonomy":"category","embeddable":true,"href":"https:\/\/www.effisca.com\/en\/wp-json\/wp\/v2\/categories?post=9520"},{"taxonomy":"post_tag","embeddable":true,"href":"https:\/\/www.effisca.com\/en\/wp-json\/wp\/v2\/tags?post=9520"}],"curies":[{"name":"wp","href":"https:\/\/api.w.org\/{rel}","templated":true}]}}