{"id":7834,"date":"2021-12-23T09:57:46","date_gmt":"2021-12-23T14:57:46","guid":{"rendered":"https:\/\/www.effisca.com\/does-the-w-8ben-form-has-to-be-completed-annually\/"},"modified":"2023-03-22T13:49:30","modified_gmt":"2023-03-22T17:49:30","slug":"does-the-w-8ben-form-has-to-be-completed-annually","status":"publish","type":"post","link":"https:\/\/www.effisca.com\/en\/does-the-w-8ben-form-has-to-be-completed-annually\/","title":{"rendered":"Form W8-ben should be filed every year or not?"},"content":{"rendered":"\n<p style=\"font-size:22px\"><strong>Question : <\/strong><\/p>\n\n<p><em>Hello Mr Godbout,<\/em><\/p>\n\n<p><em>You helped me with documents to work with clients in the United States.<\/em><\/p>\n\n<p><em>I am getting ready to work again with clients in the United States as a freelancer. I wanted to make sure that I only had to refill the <a href=\"https:\/\/www.irs.gov\/pub\/irs-pdf\/fw8ben.pdf\">W-8BEN<\/a> form every year.<\/em><\/p>\n\n<p><em>Thanks.<\/em><\/p>\n\n<p><em>Louis-Martin T.<\/em><\/p>\n\n<p><\/p>\n\n<p><\/p>\n\n<p>\u2014<\/p>\n\n<p style=\"font-size:22px\"><strong>Answer<\/strong>:<\/p>\n\n<p>Hello Mr. T., <\/p>\n\n<p>I hope you&#8217;re doing well. I remember you, it goes back a few years!<\/p>\n\n<p>To answer your question, you must have a recent w8-ben form to provide to your U.S. payer so that they can not withhold US tax.<\/p>\n\n<p>Without this form, the payer must withhold 30% of the amounts they pay you because you are not an American person (see definition of an American person).<\/p>\n\n<p>If a payer asks you for the w8-ben, you must provide them with a recent version. You need to make sure that the version is the most recent and that the information is up to date.<\/p>\n\n<p>If in doubt, you can mandate us (<a href=\"https:\/\/www.effisca.com\/en\/contact\/\">make an appointment here<\/a>) to revise the document or prepare it for you.<\/p>\n\n<p>All very best!<\/p>\n\n<p>Nicolas Godbout<\/p>\n","protected":false},"excerpt":{"rendered":"<p>Question : Hello Mr Godbout, You helped me with documents to work with clients in the United States. I am getting ready to work again with clients in the United States as a freelancer. I wanted to make sure that I only had to refill the W-8BEN form every year. Thanks. Louis-Martin T. \u2014 Answer: [&hellip;]<\/p>\n","protected":false},"author":4,"featured_media":7830,"comment_status":"closed","ping_status":"closed","sticky":false,"template":"","format":"standard","meta":{"_acf_changed":false,"inline_featured_image":false,"footnotes":""},"categories":[314],"tags":[315],"class_list":["post-7834","post","type-post","status-publish","format-standard","has-post-thumbnail","hentry","category-us-taxation","tag-self-employment-with-clients-in-the-usa"],"acf":[],"yoast_head":"<!-- This site is optimized with the Yoast SEO plugin v27.5 - https:\/\/yoast.com\/product\/yoast-seo-wordpress\/ -->\n<title>Form W8-ben should be filed every year or not? - Effisca<\/title>\n<meta name=\"description\" content=\"Does the W8-BEN form have to be completed every year? IRS Form W8-ben should be filed every year or not?\" \/>\n<meta name=\"robots\" content=\"index, follow, max-snippet:-1, max-image-preview:large, max-video-preview:-1\" \/>\n<link rel=\"canonical\" href=\"https:\/\/www.effisca.com\/en\/does-the-w-8ben-form-has-to-be-completed-annually\/\" \/>\n<meta property=\"og:locale\" content=\"en_US\" \/>\n<meta property=\"og:type\" content=\"article\" \/>\n<meta property=\"og:title\" content=\"Form W8-ben should be filed every year or not? - Effisca\" \/>\n<meta property=\"og:description\" content=\"Does the W8-BEN form have to be completed every year? IRS Form W8-ben should be filed every year or not?\" \/>\n<meta property=\"og:url\" content=\"https:\/\/www.effisca.com\/en\/does-the-w-8ben-form-has-to-be-completed-annually\/\" \/>\n<meta property=\"og:site_name\" content=\"Effisca\" \/>\n<meta property=\"article:publisher\" content=\"https:\/\/www.facebook.com\/effisca\" \/>\n<meta property=\"article:published_time\" content=\"2021-12-23T14:57:46+00:00\" \/>\n<meta property=\"article:modified_time\" content=\"2023-03-22T17:49:30+00:00\" \/>\n<meta property=\"og:image\" content=\"https:\/\/www.effisca.com\/wp-content\/uploads\/2021\/12\/khara-woods-ZlZZLjuibeQ-unsplash-scaled.jpeg\" \/>\n\t<meta property=\"og:image:width\" content=\"2560\" \/>\n\t<meta property=\"og:image:height\" content=\"1707\" \/>\n\t<meta property=\"og:image:type\" content=\"image\/jpeg\" \/>\n<meta name=\"author\" content=\"Nicolas Godbout, fiscaliste et planificateur financier, M. Fisc., Pl. Fin\" \/>\n<meta name=\"twitter:card\" content=\"summary_large_image\" \/>\n<meta name=\"twitter:label1\" content=\"Written by\" \/>\n\t<meta name=\"twitter:data1\" content=\"Nicolas Godbout, fiscaliste et planificateur financier, M. Fisc., Pl. Fin\" \/>\n\t<meta name=\"twitter:label2\" content=\"Est. reading time\" \/>\n\t<meta name=\"twitter:data2\" content=\"1 minute\" \/>\n<script type=\"application\/ld+json\" class=\"yoast-schema-graph\">{\"@context\":\"https:\\\/\\\/schema.org\",\"@graph\":[{\"@type\":\"Article\",\"@id\":\"https:\\\/\\\/www.effisca.com\\\/en\\\/does-the-w-8ben-form-has-to-be-completed-annually\\\/#article\",\"isPartOf\":{\"@id\":\"https:\\\/\\\/www.effisca.com\\\/en\\\/does-the-w-8ben-form-has-to-be-completed-annually\\\/\"},\"author\":{\"name\":\"Nicolas Godbout, fiscaliste et planificateur financier, M. Fisc., Pl. Fin\",\"@id\":\"https:\\\/\\\/www.effisca.com\\\/en\\\/#\\\/schema\\\/person\\\/6c9e7c13c3415f1f947bc1da708b8bf4\"},\"headline\":\"Form W8-ben should be filed every year or not?\",\"datePublished\":\"2021-12-23T14:57:46+00:00\",\"dateModified\":\"2023-03-22T17:49:30+00:00\",\"mainEntityOfPage\":{\"@id\":\"https:\\\/\\\/www.effisca.com\\\/en\\\/does-the-w-8ben-form-has-to-be-completed-annually\\\/\"},\"wordCount\":197,\"publisher\":{\"@id\":\"https:\\\/\\\/www.effisca.com\\\/en\\\/#organization\"},\"image\":{\"@id\":\"https:\\\/\\\/www.effisca.com\\\/en\\\/does-the-w-8ben-form-has-to-be-completed-annually\\\/#primaryimage\"},\"thumbnailUrl\":\"https:\\\/\\\/www.effisca.com\\\/wp-content\\\/uploads\\\/2021\\\/12\\\/khara-woods-ZlZZLjuibeQ-unsplash-scaled.jpeg\",\"keywords\":[\"self-employment with clients in the usa\"],\"articleSection\":[\"US taxation\"],\"inLanguage\":\"en-US\"},{\"@type\":\"WebPage\",\"@id\":\"https:\\\/\\\/www.effisca.com\\\/en\\\/does-the-w-8ben-form-has-to-be-completed-annually\\\/\",\"url\":\"https:\\\/\\\/www.effisca.com\\\/en\\\/does-the-w-8ben-form-has-to-be-completed-annually\\\/\",\"name\":\"Form W8-ben should be filed every year or not? - Effisca\",\"isPartOf\":{\"@id\":\"https:\\\/\\\/www.effisca.com\\\/en\\\/#website\"},\"primaryImageOfPage\":{\"@id\":\"https:\\\/\\\/www.effisca.com\\\/en\\\/does-the-w-8ben-form-has-to-be-completed-annually\\\/#primaryimage\"},\"image\":{\"@id\":\"https:\\\/\\\/www.effisca.com\\\/en\\\/does-the-w-8ben-form-has-to-be-completed-annually\\\/#primaryimage\"},\"thumbnailUrl\":\"https:\\\/\\\/www.effisca.com\\\/wp-content\\\/uploads\\\/2021\\\/12\\\/khara-woods-ZlZZLjuibeQ-unsplash-scaled.jpeg\",\"datePublished\":\"2021-12-23T14:57:46+00:00\",\"dateModified\":\"2023-03-22T17:49:30+00:00\",\"description\":\"Does the W8-BEN form have to be completed every year? IRS Form W8-ben should be filed every year or not?\",\"breadcrumb\":{\"@id\":\"https:\\\/\\\/www.effisca.com\\\/en\\\/does-the-w-8ben-form-has-to-be-completed-annually\\\/#breadcrumb\"},\"inLanguage\":\"en-US\",\"potentialAction\":[{\"@type\":\"ReadAction\",\"target\":[\"https:\\\/\\\/www.effisca.com\\\/en\\\/does-the-w-8ben-form-has-to-be-completed-annually\\\/\"]}]},{\"@type\":\"ImageObject\",\"inLanguage\":\"en-US\",\"@id\":\"https:\\\/\\\/www.effisca.com\\\/en\\\/does-the-w-8ben-form-has-to-be-completed-annually\\\/#primaryimage\",\"url\":\"https:\\\/\\\/www.effisca.com\\\/wp-content\\\/uploads\\\/2021\\\/12\\\/khara-woods-ZlZZLjuibeQ-unsplash-scaled.jpeg\",\"contentUrl\":\"https:\\\/\\\/www.effisca.com\\\/wp-content\\\/uploads\\\/2021\\\/12\\\/khara-woods-ZlZZLjuibeQ-unsplash-scaled.jpeg\",\"width\":2560,\"height\":1707},{\"@type\":\"BreadcrumbList\",\"@id\":\"https:\\\/\\\/www.effisca.com\\\/en\\\/does-the-w-8ben-form-has-to-be-completed-annually\\\/#breadcrumb\",\"itemListElement\":[{\"@type\":\"ListItem\",\"position\":1,\"name\":\"Accueil\",\"item\":\"https:\\\/\\\/www.effisca.com\\\/en\\\/\"},{\"@type\":\"ListItem\",\"position\":2,\"name\":\"Form W8-ben should be filed every year or not?\"}]},{\"@type\":\"WebSite\",\"@id\":\"https:\\\/\\\/www.effisca.com\\\/en\\\/#website\",\"url\":\"https:\\\/\\\/www.effisca.com\\\/en\\\/\",\"name\":\"Effisca\",\"description\":\"Tax firm specializing in Canadian, US and international tax\",\"publisher\":{\"@id\":\"https:\\\/\\\/www.effisca.com\\\/en\\\/#organization\"},\"potentialAction\":[{\"@type\":\"SearchAction\",\"target\":{\"@type\":\"EntryPoint\",\"urlTemplate\":\"https:\\\/\\\/www.effisca.com\\\/en\\\/?s={search_term_string}\"},\"query-input\":{\"@type\":\"PropertyValueSpecification\",\"valueRequired\":true,\"valueName\":\"search_term_string\"}}],\"inLanguage\":\"en-US\"},{\"@type\":\"Organization\",\"@id\":\"https:\\\/\\\/www.effisca.com\\\/en\\\/#organization\",\"name\":\"Effisca\",\"url\":\"https:\\\/\\\/www.effisca.com\\\/en\\\/\",\"logo\":{\"@type\":\"ImageObject\",\"inLanguage\":\"en-US\",\"@id\":\"https:\\\/\\\/www.effisca.com\\\/en\\\/#\\\/schema\\\/logo\\\/image\\\/\",\"url\":\"https:\\\/\\\/www.effisca.com\\\/wp-content\\\/uploads\\\/2021\\\/01\\\/effisca-logo-1.png\",\"contentUrl\":\"https:\\\/\\\/www.effisca.com\\\/wp-content\\\/uploads\\\/2021\\\/01\\\/effisca-logo-1.png\",\"width\":1200,\"height\":355,\"caption\":\"Effisca\"},\"image\":{\"@id\":\"https:\\\/\\\/www.effisca.com\\\/en\\\/#\\\/schema\\\/logo\\\/image\\\/\"},\"sameAs\":[\"https:\\\/\\\/www.facebook.com\\\/effisca\",\"https:\\\/\\\/www.linkedin.com\\\/company\\\/effisca\\\/\"]},{\"@type\":\"Person\",\"@id\":\"https:\\\/\\\/www.effisca.com\\\/en\\\/#\\\/schema\\\/person\\\/6c9e7c13c3415f1f947bc1da708b8bf4\",\"name\":\"Nicolas Godbout, fiscaliste et planificateur financier, M. Fisc., Pl. Fin\",\"image\":{\"@type\":\"ImageObject\",\"inLanguage\":\"en-US\",\"@id\":\"https:\\\/\\\/www.effisca.com\\\/wp-content\\\/litespeed\\\/avatar\\\/29afa80a1d4055e5f98fe657f444aca1.jpg?ver=1777407046\",\"url\":\"https:\\\/\\\/www.effisca.com\\\/wp-content\\\/litespeed\\\/avatar\\\/29afa80a1d4055e5f98fe657f444aca1.jpg?ver=1777407046\",\"contentUrl\":\"https:\\\/\\\/www.effisca.com\\\/wp-content\\\/litespeed\\\/avatar\\\/29afa80a1d4055e5f98fe657f444aca1.jpg?ver=1777407046\",\"caption\":\"Nicolas Godbout, fiscaliste et planificateur financier, M. Fisc., Pl. Fin\"},\"description\":\"Titulaire d\u2019un baccalaur\u00e9at en gestion (B. Gest.) de HEC Montr\u00e9al et d\u2019une ma\u00eetrise en fiscalit\u00e9 (M. Fisc.) de l\u2019Universit\u00e9 de Sherbrooke, Nicolas a \u00e9galement compl\u00e9t\u00e9 un certificat en planification financi\u00e8re personnelle de HEC Montr\u00e9al. En 2007, il a r\u00e9ussi avec succ\u00e8s l\u2019examen de l\u2019Institut qu\u00e9b\u00e9cois de planification financi\u00e8re (IQPF) menant au titre de planificateur financier (Pl. Fin.). Fort de plus de 20 ans d\u2019exp\u00e9rience dans son domaine, Nicolas a plus d\u2019une corde \u00e0 son arc pour r\u00e9pondre efficacement aux besoins de ses clients en mati\u00e8re de fiscalit\u00e9, de services comptables et de planification financi\u00e8re. Son approche personnalis\u00e9e et son \u00e9coute lui permet en outre de cerner rapidement ce qui est le plus important pour eux et de leur faire les meilleures recommandations pour leur permettre d\u2019atteindre leurs objectifs.\",\"url\":\"https:\\\/\\\/www.effisca.com\\\/en\\\/author\\\/nicolas-godbout\\\/\"}]}<\/script>\n<!-- \/ Yoast SEO plugin. -->","yoast_head_json":{"title":"Form W8-ben should be filed every year or not? - Effisca","description":"Does the W8-BEN form have to be completed every year? IRS Form W8-ben should be filed every year or not?","robots":{"index":"index","follow":"follow","max-snippet":"max-snippet:-1","max-image-preview":"max-image-preview:large","max-video-preview":"max-video-preview:-1"},"canonical":"https:\/\/www.effisca.com\/en\/does-the-w-8ben-form-has-to-be-completed-annually\/","og_locale":"en_US","og_type":"article","og_title":"Form W8-ben should be filed every year or not? - Effisca","og_description":"Does the W8-BEN form have to be completed every year? IRS Form W8-ben should be filed every year or not?","og_url":"https:\/\/www.effisca.com\/en\/does-the-w-8ben-form-has-to-be-completed-annually\/","og_site_name":"Effisca","article_publisher":"https:\/\/www.facebook.com\/effisca","article_published_time":"2021-12-23T14:57:46+00:00","article_modified_time":"2023-03-22T17:49:30+00:00","og_image":[{"width":2560,"height":1707,"url":"https:\/\/www.effisca.com\/wp-content\/uploads\/2021\/12\/khara-woods-ZlZZLjuibeQ-unsplash-scaled.jpeg","type":"image\/jpeg"}],"author":"Nicolas Godbout, fiscaliste et planificateur financier, M. Fisc., Pl. Fin","twitter_card":"summary_large_image","twitter_misc":{"Written by":"Nicolas Godbout, fiscaliste et planificateur financier, M. Fisc., Pl. Fin","Est. reading time":"1 minute"},"schema":{"@context":"https:\/\/schema.org","@graph":[{"@type":"Article","@id":"https:\/\/www.effisca.com\/en\/does-the-w-8ben-form-has-to-be-completed-annually\/#article","isPartOf":{"@id":"https:\/\/www.effisca.com\/en\/does-the-w-8ben-form-has-to-be-completed-annually\/"},"author":{"name":"Nicolas Godbout, fiscaliste et planificateur financier, M. Fisc., Pl. Fin","@id":"https:\/\/www.effisca.com\/en\/#\/schema\/person\/6c9e7c13c3415f1f947bc1da708b8bf4"},"headline":"Form W8-ben should be filed every year or not?","datePublished":"2021-12-23T14:57:46+00:00","dateModified":"2023-03-22T17:49:30+00:00","mainEntityOfPage":{"@id":"https:\/\/www.effisca.com\/en\/does-the-w-8ben-form-has-to-be-completed-annually\/"},"wordCount":197,"publisher":{"@id":"https:\/\/www.effisca.com\/en\/#organization"},"image":{"@id":"https:\/\/www.effisca.com\/en\/does-the-w-8ben-form-has-to-be-completed-annually\/#primaryimage"},"thumbnailUrl":"https:\/\/www.effisca.com\/wp-content\/uploads\/2021\/12\/khara-woods-ZlZZLjuibeQ-unsplash-scaled.jpeg","keywords":["self-employment with clients in the usa"],"articleSection":["US taxation"],"inLanguage":"en-US"},{"@type":"WebPage","@id":"https:\/\/www.effisca.com\/en\/does-the-w-8ben-form-has-to-be-completed-annually\/","url":"https:\/\/www.effisca.com\/en\/does-the-w-8ben-form-has-to-be-completed-annually\/","name":"Form W8-ben should be filed every year or not? - Effisca","isPartOf":{"@id":"https:\/\/www.effisca.com\/en\/#website"},"primaryImageOfPage":{"@id":"https:\/\/www.effisca.com\/en\/does-the-w-8ben-form-has-to-be-completed-annually\/#primaryimage"},"image":{"@id":"https:\/\/www.effisca.com\/en\/does-the-w-8ben-form-has-to-be-completed-annually\/#primaryimage"},"thumbnailUrl":"https:\/\/www.effisca.com\/wp-content\/uploads\/2021\/12\/khara-woods-ZlZZLjuibeQ-unsplash-scaled.jpeg","datePublished":"2021-12-23T14:57:46+00:00","dateModified":"2023-03-22T17:49:30+00:00","description":"Does the W8-BEN form have to be completed every year? IRS Form W8-ben should be filed every year or not?","breadcrumb":{"@id":"https:\/\/www.effisca.com\/en\/does-the-w-8ben-form-has-to-be-completed-annually\/#breadcrumb"},"inLanguage":"en-US","potentialAction":[{"@type":"ReadAction","target":["https:\/\/www.effisca.com\/en\/does-the-w-8ben-form-has-to-be-completed-annually\/"]}]},{"@type":"ImageObject","inLanguage":"en-US","@id":"https:\/\/www.effisca.com\/en\/does-the-w-8ben-form-has-to-be-completed-annually\/#primaryimage","url":"https:\/\/www.effisca.com\/wp-content\/uploads\/2021\/12\/khara-woods-ZlZZLjuibeQ-unsplash-scaled.jpeg","contentUrl":"https:\/\/www.effisca.com\/wp-content\/uploads\/2021\/12\/khara-woods-ZlZZLjuibeQ-unsplash-scaled.jpeg","width":2560,"height":1707},{"@type":"BreadcrumbList","@id":"https:\/\/www.effisca.com\/en\/does-the-w-8ben-form-has-to-be-completed-annually\/#breadcrumb","itemListElement":[{"@type":"ListItem","position":1,"name":"Accueil","item":"https:\/\/www.effisca.com\/en\/"},{"@type":"ListItem","position":2,"name":"Form W8-ben should be filed every year or not?"}]},{"@type":"WebSite","@id":"https:\/\/www.effisca.com\/en\/#website","url":"https:\/\/www.effisca.com\/en\/","name":"Effisca","description":"Tax firm specializing in Canadian, US and international tax","publisher":{"@id":"https:\/\/www.effisca.com\/en\/#organization"},"potentialAction":[{"@type":"SearchAction","target":{"@type":"EntryPoint","urlTemplate":"https:\/\/www.effisca.com\/en\/?s={search_term_string}"},"query-input":{"@type":"PropertyValueSpecification","valueRequired":true,"valueName":"search_term_string"}}],"inLanguage":"en-US"},{"@type":"Organization","@id":"https:\/\/www.effisca.com\/en\/#organization","name":"Effisca","url":"https:\/\/www.effisca.com\/en\/","logo":{"@type":"ImageObject","inLanguage":"en-US","@id":"https:\/\/www.effisca.com\/en\/#\/schema\/logo\/image\/","url":"https:\/\/www.effisca.com\/wp-content\/uploads\/2021\/01\/effisca-logo-1.png","contentUrl":"https:\/\/www.effisca.com\/wp-content\/uploads\/2021\/01\/effisca-logo-1.png","width":1200,"height":355,"caption":"Effisca"},"image":{"@id":"https:\/\/www.effisca.com\/en\/#\/schema\/logo\/image\/"},"sameAs":["https:\/\/www.facebook.com\/effisca","https:\/\/www.linkedin.com\/company\/effisca\/"]},{"@type":"Person","@id":"https:\/\/www.effisca.com\/en\/#\/schema\/person\/6c9e7c13c3415f1f947bc1da708b8bf4","name":"Nicolas Godbout, fiscaliste et planificateur financier, M. Fisc., Pl. Fin","image":{"@type":"ImageObject","inLanguage":"en-US","@id":"https:\/\/www.effisca.com\/wp-content\/litespeed\/avatar\/29afa80a1d4055e5f98fe657f444aca1.jpg?ver=1777407046","url":"https:\/\/www.effisca.com\/wp-content\/litespeed\/avatar\/29afa80a1d4055e5f98fe657f444aca1.jpg?ver=1777407046","contentUrl":"https:\/\/www.effisca.com\/wp-content\/litespeed\/avatar\/29afa80a1d4055e5f98fe657f444aca1.jpg?ver=1777407046","caption":"Nicolas Godbout, fiscaliste et planificateur financier, M. Fisc., Pl. Fin"},"description":"Titulaire d\u2019un baccalaur\u00e9at en gestion (B. Gest.) de HEC Montr\u00e9al et d\u2019une ma\u00eetrise en fiscalit\u00e9 (M. Fisc.) de l\u2019Universit\u00e9 de Sherbrooke, Nicolas a \u00e9galement compl\u00e9t\u00e9 un certificat en planification financi\u00e8re personnelle de HEC Montr\u00e9al. En 2007, il a r\u00e9ussi avec succ\u00e8s l\u2019examen de l\u2019Institut qu\u00e9b\u00e9cois de planification financi\u00e8re (IQPF) menant au titre de planificateur financier (Pl. Fin.). Fort de plus de 20 ans d\u2019exp\u00e9rience dans son domaine, Nicolas a plus d\u2019une corde \u00e0 son arc pour r\u00e9pondre efficacement aux besoins de ses clients en mati\u00e8re de fiscalit\u00e9, de services comptables et de planification financi\u00e8re. Son approche personnalis\u00e9e et son \u00e9coute lui permet en outre de cerner rapidement ce qui est le plus important pour eux et de leur faire les meilleures recommandations pour leur permettre d\u2019atteindre leurs objectifs.","url":"https:\/\/www.effisca.com\/en\/author\/nicolas-godbout\/"}]}},"_links":{"self":[{"href":"https:\/\/www.effisca.com\/en\/wp-json\/wp\/v2\/posts\/7834","targetHints":{"allow":["GET"]}}],"collection":[{"href":"https:\/\/www.effisca.com\/en\/wp-json\/wp\/v2\/posts"}],"about":[{"href":"https:\/\/www.effisca.com\/en\/wp-json\/wp\/v2\/types\/post"}],"author":[{"embeddable":true,"href":"https:\/\/www.effisca.com\/en\/wp-json\/wp\/v2\/users\/4"}],"replies":[{"embeddable":true,"href":"https:\/\/www.effisca.com\/en\/wp-json\/wp\/v2\/comments?post=7834"}],"version-history":[{"count":9,"href":"https:\/\/www.effisca.com\/en\/wp-json\/wp\/v2\/posts\/7834\/revisions"}],"predecessor-version":[{"id":9820,"href":"https:\/\/www.effisca.com\/en\/wp-json\/wp\/v2\/posts\/7834\/revisions\/9820"}],"wp:featuredmedia":[{"embeddable":true,"href":"https:\/\/www.effisca.com\/en\/wp-json\/wp\/v2\/media\/7830"}],"wp:attachment":[{"href":"https:\/\/www.effisca.com\/en\/wp-json\/wp\/v2\/media?parent=7834"}],"wp:term":[{"taxonomy":"category","embeddable":true,"href":"https:\/\/www.effisca.com\/en\/wp-json\/wp\/v2\/categories?post=7834"},{"taxonomy":"post_tag","embeddable":true,"href":"https:\/\/www.effisca.com\/en\/wp-json\/wp\/v2\/tags?post=7834"}],"curies":[{"name":"wp","href":"https:\/\/api.w.org\/{rel}","templated":true}]}}