{"id":7393,"date":"2021-06-08T14:02:21","date_gmt":"2021-06-08T18:02:21","guid":{"rendered":"https:\/\/www.effisca.com\/is-a-spouse-living-abroad-considered-a-tax-spouse\/"},"modified":"2021-10-20T10:38:29","modified_gmt":"2021-10-20T14:38:29","slug":"is-a-spouse-living-abroad-considered-a-tax-spouse","status":"publish","type":"post","link":"https:\/\/www.effisca.com\/en\/is-a-spouse-living-abroad-considered-a-tax-spouse\/","title":{"rendered":"Is a spouse living abroad considered a tax spouse?"},"content":{"rendered":"\n<div class=\"wp-block-columns is-layout-flex wp-container-core-columns-is-layout-9d6595d7 wp-block-columns-is-layout-flex\">\n<div class=\"wp-block-column is-layout-flow wp-block-column-is-layout-flow\" style=\"flex-basis:100%\">\n<div class=\"wp-block-group\"><div class=\"wp-block-group__inner-container is-layout-flow wp-block-group-is-layout-flow\">\n<p><em><strong>Hello Mr. Godbout,<\/strong><\/em><\/p>\n\n\n\n<p><strong>Is the Pacs considered in Quebec and Canada? Does that mean to becoming a common-law partner, even though we are not married and we each continue to reside in our country of origin? Could I be in a Pacs without having an impact on my tax returns?<\/strong><\/p>\n\n\n\n<p><strong>Mrs G.<\/strong><\/p>\n<\/div><\/div>\n\n\n\n<p>Hello Mrs G.,<\/p>\n\n\n\n<p>Canada does not recognize the PACS (civil solidarity pact) as a civil status.<\/p>\n\n\n\n<p>In Canada as in Quebec, either you are married, you are common-law partners (living under the same roof) or you will be considered single for Canadian tax purposes.<\/p>\n\n\n\n<p>As you declare yourself single, there is no tax impact.<\/p>\n\n\n\n<p>However, be aware that the definition of common-law partner is quite broad and that spouses who &#8220;live in a conjugal relationship&#8221; could be considered common-law partners. This would be the case for spouses who normally live together, but who are separated because of a work mandate abroad, for example.<\/p>\n\n\n\n<p>There are many other criteria to consider, including the pooling of family resources, how you present yourself to others (as a couple, as a friend), etc.<\/p>\n\n\n\n<p>Choosing to conclude a civil partnership definitely strengthens the bond of spouse that unites you.<\/p>\n\n\n\n<p>If you would like a more in-depth analysis of these criteria in order to have a more certain opinion, we will be happy to help you with that.<\/p>\n\n\n\n<p>Nicolas Godbout, M Fisc., Pl. Fin<\/p>\n\n\n\n<p><\/p>\n<\/div>\n<\/div>\n","protected":false},"excerpt":{"rendered":"<p>I am in a relationship with a French citizen; he lives in France, while I live in Quebec. If we decide to carry out a Civil Solidarity Pact (Pacs), will there be a fiscal impact?<\/p>\n","protected":false},"author":4,"featured_media":7381,"comment_status":"closed","ping_status":"closed","sticky":false,"template":"","format":"standard","meta":{"_acf_changed":false,"inline_featured_image":false,"footnotes":""},"categories":[70],"tags":[41,285,286,287,288],"class_list":["post-7393","post","type-post","status-publish","format-standard","has-post-thumbnail","hentry","category-international-tax","tag-individual","tag-civil-status","tag-pacs-en","tag-common-law-partner","tag-france-en"],"acf":[],"yoast_head":"<!-- This site is optimized with the Yoast SEO plugin v27.5 - https:\/\/yoast.com\/product\/yoast-seo-wordpress\/ -->\n<title>Is a spouse living abroad considered a tax spouse? - Effisca<\/title>\n<meta name=\"description\" content=\"I am in a relationship with a French citizen; he lives in France, while I live in Quebec. We are thinking to conclude a Pacs (Civil Solidarity Pact) because we have had a lot of border concerns lately. What are the tax impacts?\" \/>\n<meta name=\"robots\" content=\"index, follow, max-snippet:-1, max-image-preview:large, max-video-preview:-1\" \/>\n<link rel=\"canonical\" href=\"https:\/\/www.effisca.com\/en\/is-a-spouse-living-abroad-considered-a-tax-spouse\/\" \/>\n<meta property=\"og:locale\" content=\"en_US\" \/>\n<meta property=\"og:type\" content=\"article\" \/>\n<meta property=\"og:title\" content=\"Is a spouse living abroad considered a tax spouse? - Effisca\" \/>\n<meta property=\"og:description\" content=\"I am in a relationship with a French citizen; he lives in France, while I live in Quebec. We are thinking to conclude a Pacs (Civil Solidarity Pact) because we have had a lot of border concerns lately. What are the tax impacts?\" \/>\n<meta property=\"og:url\" content=\"https:\/\/www.effisca.com\/en\/is-a-spouse-living-abroad-considered-a-tax-spouse\/\" \/>\n<meta property=\"og:site_name\" content=\"Effisca\" \/>\n<meta property=\"article:publisher\" content=\"https:\/\/www.facebook.com\/effisca\" \/>\n<meta property=\"article:published_time\" content=\"2021-06-08T18:02:21+00:00\" \/>\n<meta property=\"article:modified_time\" content=\"2021-10-20T14:38:29+00:00\" \/>\n<meta property=\"og:image\" content=\"https:\/\/www.effisca.com\/wp-content\/uploads\/2021\/08\/conjoint-vivant-a-etranger-conjoint-fiscal.jpg\" \/>\n\t<meta property=\"og:image:width\" content=\"1920\" \/>\n\t<meta property=\"og:image:height\" content=\"1309\" \/>\n\t<meta property=\"og:image:type\" content=\"image\/jpeg\" \/>\n<meta name=\"author\" content=\"Nicolas Godbout, fiscaliste et planificateur financier, M. Fisc., Pl. Fin\" \/>\n<meta name=\"twitter:card\" content=\"summary_large_image\" \/>\n<meta name=\"twitter:label1\" content=\"Written by\" \/>\n\t<meta name=\"twitter:data1\" content=\"Nicolas Godbout, fiscaliste et planificateur financier, M. Fisc., Pl. Fin\" \/>\n\t<meta name=\"twitter:label2\" content=\"Est. reading time\" \/>\n\t<meta name=\"twitter:data2\" content=\"1 minute\" \/>\n<script type=\"application\/ld+json\" class=\"yoast-schema-graph\">{\"@context\":\"https:\\\/\\\/schema.org\",\"@graph\":[{\"@type\":\"Article\",\"@id\":\"https:\\\/\\\/www.effisca.com\\\/en\\\/is-a-spouse-living-abroad-considered-a-tax-spouse\\\/#article\",\"isPartOf\":{\"@id\":\"https:\\\/\\\/www.effisca.com\\\/en\\\/is-a-spouse-living-abroad-considered-a-tax-spouse\\\/\"},\"author\":{\"name\":\"Nicolas Godbout, fiscaliste et planificateur financier, M. Fisc., Pl. Fin\",\"@id\":\"https:\\\/\\\/www.effisca.com\\\/en\\\/#\\\/schema\\\/person\\\/6c9e7c13c3415f1f947bc1da708b8bf4\"},\"headline\":\"Is a spouse living abroad considered a tax spouse?\",\"datePublished\":\"2021-06-08T18:02:21+00:00\",\"dateModified\":\"2021-10-20T14:38:29+00:00\",\"mainEntityOfPage\":{\"@id\":\"https:\\\/\\\/www.effisca.com\\\/en\\\/is-a-spouse-living-abroad-considered-a-tax-spouse\\\/\"},\"wordCount\":239,\"publisher\":{\"@id\":\"https:\\\/\\\/www.effisca.com\\\/en\\\/#organization\"},\"image\":{\"@id\":\"https:\\\/\\\/www.effisca.com\\\/en\\\/is-a-spouse-living-abroad-considered-a-tax-spouse\\\/#primaryimage\"},\"thumbnailUrl\":\"https:\\\/\\\/www.effisca.com\\\/wp-content\\\/uploads\\\/2021\\\/08\\\/conjoint-vivant-a-etranger-conjoint-fiscal.jpg\",\"keywords\":[\"individual\",\"civil status\",\"Pacs\",\"common-law partner\",\"France\"],\"articleSection\":[\"International tax\"],\"inLanguage\":\"en-US\"},{\"@type\":\"WebPage\",\"@id\":\"https:\\\/\\\/www.effisca.com\\\/en\\\/is-a-spouse-living-abroad-considered-a-tax-spouse\\\/\",\"url\":\"https:\\\/\\\/www.effisca.com\\\/en\\\/is-a-spouse-living-abroad-considered-a-tax-spouse\\\/\",\"name\":\"Is a spouse living abroad considered a tax spouse? - Effisca\",\"isPartOf\":{\"@id\":\"https:\\\/\\\/www.effisca.com\\\/en\\\/#website\"},\"primaryImageOfPage\":{\"@id\":\"https:\\\/\\\/www.effisca.com\\\/en\\\/is-a-spouse-living-abroad-considered-a-tax-spouse\\\/#primaryimage\"},\"image\":{\"@id\":\"https:\\\/\\\/www.effisca.com\\\/en\\\/is-a-spouse-living-abroad-considered-a-tax-spouse\\\/#primaryimage\"},\"thumbnailUrl\":\"https:\\\/\\\/www.effisca.com\\\/wp-content\\\/uploads\\\/2021\\\/08\\\/conjoint-vivant-a-etranger-conjoint-fiscal.jpg\",\"datePublished\":\"2021-06-08T18:02:21+00:00\",\"dateModified\":\"2021-10-20T14:38:29+00:00\",\"description\":\"I am in a relationship with a French citizen; he lives in France, while I live in Quebec. We are thinking to conclude a Pacs (Civil Solidarity Pact) because we have had a lot of border concerns lately. What are the tax impacts?\",\"breadcrumb\":{\"@id\":\"https:\\\/\\\/www.effisca.com\\\/en\\\/is-a-spouse-living-abroad-considered-a-tax-spouse\\\/#breadcrumb\"},\"inLanguage\":\"en-US\",\"potentialAction\":[{\"@type\":\"ReadAction\",\"target\":[\"https:\\\/\\\/www.effisca.com\\\/en\\\/is-a-spouse-living-abroad-considered-a-tax-spouse\\\/\"]}]},{\"@type\":\"ImageObject\",\"inLanguage\":\"en-US\",\"@id\":\"https:\\\/\\\/www.effisca.com\\\/en\\\/is-a-spouse-living-abroad-considered-a-tax-spouse\\\/#primaryimage\",\"url\":\"https:\\\/\\\/www.effisca.com\\\/wp-content\\\/uploads\\\/2021\\\/08\\\/conjoint-vivant-a-etranger-conjoint-fiscal.jpg\",\"contentUrl\":\"https:\\\/\\\/www.effisca.com\\\/wp-content\\\/uploads\\\/2021\\\/08\\\/conjoint-vivant-a-etranger-conjoint-fiscal.jpg\",\"width\":1920,\"height\":1309},{\"@type\":\"BreadcrumbList\",\"@id\":\"https:\\\/\\\/www.effisca.com\\\/en\\\/is-a-spouse-living-abroad-considered-a-tax-spouse\\\/#breadcrumb\",\"itemListElement\":[{\"@type\":\"ListItem\",\"position\":1,\"name\":\"Accueil\",\"item\":\"https:\\\/\\\/www.effisca.com\\\/en\\\/\"},{\"@type\":\"ListItem\",\"position\":2,\"name\":\"Is a spouse living abroad considered a tax spouse?\"}]},{\"@type\":\"WebSite\",\"@id\":\"https:\\\/\\\/www.effisca.com\\\/en\\\/#website\",\"url\":\"https:\\\/\\\/www.effisca.com\\\/en\\\/\",\"name\":\"Effisca\",\"description\":\"Tax firm specializing in Canadian, US and international tax\",\"publisher\":{\"@id\":\"https:\\\/\\\/www.effisca.com\\\/en\\\/#organization\"},\"potentialAction\":[{\"@type\":\"SearchAction\",\"target\":{\"@type\":\"EntryPoint\",\"urlTemplate\":\"https:\\\/\\\/www.effisca.com\\\/en\\\/?s={search_term_string}\"},\"query-input\":{\"@type\":\"PropertyValueSpecification\",\"valueRequired\":true,\"valueName\":\"search_term_string\"}}],\"inLanguage\":\"en-US\"},{\"@type\":\"Organization\",\"@id\":\"https:\\\/\\\/www.effisca.com\\\/en\\\/#organization\",\"name\":\"Effisca\",\"url\":\"https:\\\/\\\/www.effisca.com\\\/en\\\/\",\"logo\":{\"@type\":\"ImageObject\",\"inLanguage\":\"en-US\",\"@id\":\"https:\\\/\\\/www.effisca.com\\\/en\\\/#\\\/schema\\\/logo\\\/image\\\/\",\"url\":\"https:\\\/\\\/www.effisca.com\\\/wp-content\\\/uploads\\\/2021\\\/01\\\/effisca-logo-1.png\",\"contentUrl\":\"https:\\\/\\\/www.effisca.com\\\/wp-content\\\/uploads\\\/2021\\\/01\\\/effisca-logo-1.png\",\"width\":1200,\"height\":355,\"caption\":\"Effisca\"},\"image\":{\"@id\":\"https:\\\/\\\/www.effisca.com\\\/en\\\/#\\\/schema\\\/logo\\\/image\\\/\"},\"sameAs\":[\"https:\\\/\\\/www.facebook.com\\\/effisca\",\"https:\\\/\\\/www.linkedin.com\\\/company\\\/effisca\\\/\"]},{\"@type\":\"Person\",\"@id\":\"https:\\\/\\\/www.effisca.com\\\/en\\\/#\\\/schema\\\/person\\\/6c9e7c13c3415f1f947bc1da708b8bf4\",\"name\":\"Nicolas Godbout, fiscaliste et planificateur financier, M. Fisc., Pl. Fin\",\"image\":{\"@type\":\"ImageObject\",\"inLanguage\":\"en-US\",\"@id\":\"https:\\\/\\\/www.effisca.com\\\/wp-content\\\/litespeed\\\/avatar\\\/29afa80a1d4055e5f98fe657f444aca1.jpg?ver=1777407046\",\"url\":\"https:\\\/\\\/www.effisca.com\\\/wp-content\\\/litespeed\\\/avatar\\\/29afa80a1d4055e5f98fe657f444aca1.jpg?ver=1777407046\",\"contentUrl\":\"https:\\\/\\\/www.effisca.com\\\/wp-content\\\/litespeed\\\/avatar\\\/29afa80a1d4055e5f98fe657f444aca1.jpg?ver=1777407046\",\"caption\":\"Nicolas Godbout, fiscaliste et planificateur financier, M. Fisc., Pl. Fin\"},\"description\":\"Titulaire d\u2019un baccalaur\u00e9at en gestion (B. Gest.) de HEC Montr\u00e9al et d\u2019une ma\u00eetrise en fiscalit\u00e9 (M. Fisc.) de l\u2019Universit\u00e9 de Sherbrooke, Nicolas a \u00e9galement compl\u00e9t\u00e9 un certificat en planification financi\u00e8re personnelle de HEC Montr\u00e9al. En 2007, il a r\u00e9ussi avec succ\u00e8s l\u2019examen de l\u2019Institut qu\u00e9b\u00e9cois de planification financi\u00e8re (IQPF) menant au titre de planificateur financier (Pl. Fin.). Fort de plus de 20 ans d\u2019exp\u00e9rience dans son domaine, Nicolas a plus d\u2019une corde \u00e0 son arc pour r\u00e9pondre efficacement aux besoins de ses clients en mati\u00e8re de fiscalit\u00e9, de services comptables et de planification financi\u00e8re. Son approche personnalis\u00e9e et son \u00e9coute lui permet en outre de cerner rapidement ce qui est le plus important pour eux et de leur faire les meilleures recommandations pour leur permettre d\u2019atteindre leurs objectifs.\",\"url\":\"https:\\\/\\\/www.effisca.com\\\/en\\\/author\\\/nicolas-godbout\\\/\"}]}<\/script>\n<!-- \/ Yoast SEO plugin. -->","yoast_head_json":{"title":"Is a spouse living abroad considered a tax spouse? - Effisca","description":"I am in a relationship with a French citizen; he lives in France, while I live in Quebec. We are thinking to conclude a Pacs (Civil Solidarity Pact) because we have had a lot of border concerns lately. What are the tax impacts?","robots":{"index":"index","follow":"follow","max-snippet":"max-snippet:-1","max-image-preview":"max-image-preview:large","max-video-preview":"max-video-preview:-1"},"canonical":"https:\/\/www.effisca.com\/en\/is-a-spouse-living-abroad-considered-a-tax-spouse\/","og_locale":"en_US","og_type":"article","og_title":"Is a spouse living abroad considered a tax spouse? - Effisca","og_description":"I am in a relationship with a French citizen; he lives in France, while I live in Quebec. We are thinking to conclude a Pacs (Civil Solidarity Pact) because we have had a lot of border concerns lately. What are the tax impacts?","og_url":"https:\/\/www.effisca.com\/en\/is-a-spouse-living-abroad-considered-a-tax-spouse\/","og_site_name":"Effisca","article_publisher":"https:\/\/www.facebook.com\/effisca","article_published_time":"2021-06-08T18:02:21+00:00","article_modified_time":"2021-10-20T14:38:29+00:00","og_image":[{"width":1920,"height":1309,"url":"https:\/\/www.effisca.com\/wp-content\/uploads\/2021\/08\/conjoint-vivant-a-etranger-conjoint-fiscal.jpg","type":"image\/jpeg"}],"author":"Nicolas Godbout, fiscaliste et planificateur financier, M. Fisc., Pl. Fin","twitter_card":"summary_large_image","twitter_misc":{"Written by":"Nicolas Godbout, fiscaliste et planificateur financier, M. Fisc., Pl. Fin","Est. reading time":"1 minute"},"schema":{"@context":"https:\/\/schema.org","@graph":[{"@type":"Article","@id":"https:\/\/www.effisca.com\/en\/is-a-spouse-living-abroad-considered-a-tax-spouse\/#article","isPartOf":{"@id":"https:\/\/www.effisca.com\/en\/is-a-spouse-living-abroad-considered-a-tax-spouse\/"},"author":{"name":"Nicolas Godbout, fiscaliste et planificateur financier, M. Fisc., Pl. Fin","@id":"https:\/\/www.effisca.com\/en\/#\/schema\/person\/6c9e7c13c3415f1f947bc1da708b8bf4"},"headline":"Is a spouse living abroad considered a tax spouse?","datePublished":"2021-06-08T18:02:21+00:00","dateModified":"2021-10-20T14:38:29+00:00","mainEntityOfPage":{"@id":"https:\/\/www.effisca.com\/en\/is-a-spouse-living-abroad-considered-a-tax-spouse\/"},"wordCount":239,"publisher":{"@id":"https:\/\/www.effisca.com\/en\/#organization"},"image":{"@id":"https:\/\/www.effisca.com\/en\/is-a-spouse-living-abroad-considered-a-tax-spouse\/#primaryimage"},"thumbnailUrl":"https:\/\/www.effisca.com\/wp-content\/uploads\/2021\/08\/conjoint-vivant-a-etranger-conjoint-fiscal.jpg","keywords":["individual","civil status","Pacs","common-law partner","France"],"articleSection":["International tax"],"inLanguage":"en-US"},{"@type":"WebPage","@id":"https:\/\/www.effisca.com\/en\/is-a-spouse-living-abroad-considered-a-tax-spouse\/","url":"https:\/\/www.effisca.com\/en\/is-a-spouse-living-abroad-considered-a-tax-spouse\/","name":"Is a spouse living abroad considered a tax spouse? - Effisca","isPartOf":{"@id":"https:\/\/www.effisca.com\/en\/#website"},"primaryImageOfPage":{"@id":"https:\/\/www.effisca.com\/en\/is-a-spouse-living-abroad-considered-a-tax-spouse\/#primaryimage"},"image":{"@id":"https:\/\/www.effisca.com\/en\/is-a-spouse-living-abroad-considered-a-tax-spouse\/#primaryimage"},"thumbnailUrl":"https:\/\/www.effisca.com\/wp-content\/uploads\/2021\/08\/conjoint-vivant-a-etranger-conjoint-fiscal.jpg","datePublished":"2021-06-08T18:02:21+00:00","dateModified":"2021-10-20T14:38:29+00:00","description":"I am in a relationship with a French citizen; he lives in France, while I live in Quebec. We are thinking to conclude a Pacs (Civil Solidarity Pact) because we have had a lot of border concerns lately. What are the tax impacts?","breadcrumb":{"@id":"https:\/\/www.effisca.com\/en\/is-a-spouse-living-abroad-considered-a-tax-spouse\/#breadcrumb"},"inLanguage":"en-US","potentialAction":[{"@type":"ReadAction","target":["https:\/\/www.effisca.com\/en\/is-a-spouse-living-abroad-considered-a-tax-spouse\/"]}]},{"@type":"ImageObject","inLanguage":"en-US","@id":"https:\/\/www.effisca.com\/en\/is-a-spouse-living-abroad-considered-a-tax-spouse\/#primaryimage","url":"https:\/\/www.effisca.com\/wp-content\/uploads\/2021\/08\/conjoint-vivant-a-etranger-conjoint-fiscal.jpg","contentUrl":"https:\/\/www.effisca.com\/wp-content\/uploads\/2021\/08\/conjoint-vivant-a-etranger-conjoint-fiscal.jpg","width":1920,"height":1309},{"@type":"BreadcrumbList","@id":"https:\/\/www.effisca.com\/en\/is-a-spouse-living-abroad-considered-a-tax-spouse\/#breadcrumb","itemListElement":[{"@type":"ListItem","position":1,"name":"Accueil","item":"https:\/\/www.effisca.com\/en\/"},{"@type":"ListItem","position":2,"name":"Is a spouse living abroad considered a tax spouse?"}]},{"@type":"WebSite","@id":"https:\/\/www.effisca.com\/en\/#website","url":"https:\/\/www.effisca.com\/en\/","name":"Effisca","description":"Tax firm specializing in Canadian, US and international tax","publisher":{"@id":"https:\/\/www.effisca.com\/en\/#organization"},"potentialAction":[{"@type":"SearchAction","target":{"@type":"EntryPoint","urlTemplate":"https:\/\/www.effisca.com\/en\/?s={search_term_string}"},"query-input":{"@type":"PropertyValueSpecification","valueRequired":true,"valueName":"search_term_string"}}],"inLanguage":"en-US"},{"@type":"Organization","@id":"https:\/\/www.effisca.com\/en\/#organization","name":"Effisca","url":"https:\/\/www.effisca.com\/en\/","logo":{"@type":"ImageObject","inLanguage":"en-US","@id":"https:\/\/www.effisca.com\/en\/#\/schema\/logo\/image\/","url":"https:\/\/www.effisca.com\/wp-content\/uploads\/2021\/01\/effisca-logo-1.png","contentUrl":"https:\/\/www.effisca.com\/wp-content\/uploads\/2021\/01\/effisca-logo-1.png","width":1200,"height":355,"caption":"Effisca"},"image":{"@id":"https:\/\/www.effisca.com\/en\/#\/schema\/logo\/image\/"},"sameAs":["https:\/\/www.facebook.com\/effisca","https:\/\/www.linkedin.com\/company\/effisca\/"]},{"@type":"Person","@id":"https:\/\/www.effisca.com\/en\/#\/schema\/person\/6c9e7c13c3415f1f947bc1da708b8bf4","name":"Nicolas Godbout, fiscaliste et planificateur financier, M. Fisc., Pl. Fin","image":{"@type":"ImageObject","inLanguage":"en-US","@id":"https:\/\/www.effisca.com\/wp-content\/litespeed\/avatar\/29afa80a1d4055e5f98fe657f444aca1.jpg?ver=1777407046","url":"https:\/\/www.effisca.com\/wp-content\/litespeed\/avatar\/29afa80a1d4055e5f98fe657f444aca1.jpg?ver=1777407046","contentUrl":"https:\/\/www.effisca.com\/wp-content\/litespeed\/avatar\/29afa80a1d4055e5f98fe657f444aca1.jpg?ver=1777407046","caption":"Nicolas Godbout, fiscaliste et planificateur financier, M. Fisc., Pl. Fin"},"description":"Titulaire d\u2019un baccalaur\u00e9at en gestion (B. Gest.) de HEC Montr\u00e9al et d\u2019une ma\u00eetrise en fiscalit\u00e9 (M. Fisc.) de l\u2019Universit\u00e9 de Sherbrooke, Nicolas a \u00e9galement compl\u00e9t\u00e9 un certificat en planification financi\u00e8re personnelle de HEC Montr\u00e9al. En 2007, il a r\u00e9ussi avec succ\u00e8s l\u2019examen de l\u2019Institut qu\u00e9b\u00e9cois de planification financi\u00e8re (IQPF) menant au titre de planificateur financier (Pl. Fin.). Fort de plus de 20 ans d\u2019exp\u00e9rience dans son domaine, Nicolas a plus d\u2019une corde \u00e0 son arc pour r\u00e9pondre efficacement aux besoins de ses clients en mati\u00e8re de fiscalit\u00e9, de services comptables et de planification financi\u00e8re. Son approche personnalis\u00e9e et son \u00e9coute lui permet en outre de cerner rapidement ce qui est le plus important pour eux et de leur faire les meilleures recommandations pour leur permettre d\u2019atteindre leurs objectifs.","url":"https:\/\/www.effisca.com\/en\/author\/nicolas-godbout\/"}]}},"_links":{"self":[{"href":"https:\/\/www.effisca.com\/en\/wp-json\/wp\/v2\/posts\/7393","targetHints":{"allow":["GET"]}}],"collection":[{"href":"https:\/\/www.effisca.com\/en\/wp-json\/wp\/v2\/posts"}],"about":[{"href":"https:\/\/www.effisca.com\/en\/wp-json\/wp\/v2\/types\/post"}],"author":[{"embeddable":true,"href":"https:\/\/www.effisca.com\/en\/wp-json\/wp\/v2\/users\/4"}],"replies":[{"embeddable":true,"href":"https:\/\/www.effisca.com\/en\/wp-json\/wp\/v2\/comments?post=7393"}],"version-history":[{"count":3,"href":"https:\/\/www.effisca.com\/en\/wp-json\/wp\/v2\/posts\/7393\/revisions"}],"predecessor-version":[{"id":7417,"href":"https:\/\/www.effisca.com\/en\/wp-json\/wp\/v2\/posts\/7393\/revisions\/7417"}],"wp:featuredmedia":[{"embeddable":true,"href":"https:\/\/www.effisca.com\/en\/wp-json\/wp\/v2\/media\/7381"}],"wp:attachment":[{"href":"https:\/\/www.effisca.com\/en\/wp-json\/wp\/v2\/media?parent=7393"}],"wp:term":[{"taxonomy":"category","embeddable":true,"href":"https:\/\/www.effisca.com\/en\/wp-json\/wp\/v2\/categories?post=7393"},{"taxonomy":"post_tag","embeddable":true,"href":"https:\/\/www.effisca.com\/en\/wp-json\/wp\/v2\/tags?post=7393"}],"curies":[{"name":"wp","href":"https:\/\/api.w.org\/{rel}","templated":true}]}}