{"id":7225,"date":"2021-06-29T13:28:05","date_gmt":"2021-06-29T17:28:05","guid":{"rendered":"https:\/\/www.effisca.com\/can-i-deduct-my-moving-expenses\/"},"modified":"2021-06-29T13:28:05","modified_gmt":"2021-06-29T17:28:05","slug":"can-i-deduct-my-moving-expenses","status":"publish","type":"post","link":"https:\/\/www.effisca.com\/en\/can-i-deduct-my-moving-expenses\/","title":{"rendered":"Can I deduct my moving expenses?"},"content":{"rendered":"\n<p><span style=\"font-weight: 400;\">In accordance with tradition, July 1 often rhymes with moving in Quebec. If you are about to move for a job, to run a business or for your studies, keep your <\/span><span style=\"font-weight: 400;\">detailed receipts<\/span><span style=\"font-weight: 400;\">! Because you may be able to deduct different costs, as long as you meet the criteria set out by the Canada Revenue Agency (CRA).<\/span>&#13;\n&#13;\n\u00a0<\/p>\n\n<h2 class=\"wp-block-heading\"><b>Conditions for deducting moving expenses<\/b><\/h2>\n\n<p>Under what circumstances can we deduct our moving expenses? There are different scenarios that could allow you to deduct certain expenses on your next tax return:&#13;\n<\/p>\n\n<ul class=\"wp-block-list\"><li>if you have moved from one place to another in Canada;<\/li><li>if you moved from outside of Canada to a new place of work in Canada;<\/li><li>if you moved from Canada to a new place of work outside of Canada;<\/li><li>if you have moved between two locations outside of Canada.<\/li><\/ul>\n\n<p><\/p>\n\n<p><span style=\"font-weight: 400;\">If you are an employee or a self-employed person and you are in one of these situations, you could claim moving expenses <\/span><b>as long as you are at least 40 kilometers from your new place of work or business.<\/b><span style=\"font-weight: 400;\"> You may also be able to claim a deduction for moving expenses if you moved to pursue your education.<\/span><\/p>\n\n<p><span style=\"font-weight: 400;\">Finally, if you have moved outside of Canada, between two locations that are outside of Canada, or if you have moved to settle in Canada, you will be able to claim moving expenses only if you are, in the eyes of the CRA, resident in Canada, before <\/span><b>and <\/b><span style=\"font-weight: 400;\">after your move.<\/span>&#13;\n&#13;\n\u00a0<\/p>\n\n<h2 class=\"wp-block-heading\"><b>Eligible expenses<\/b><\/h2>\n\n<p>If you&#8217;ve determined that you&#8217;re eligible for the moving expense deduction, there are several expenses you and your family can claim, including:&#13;\n<\/p>\n\n<ul class=\"wp-block-list\"><li>travel expenses to your new residence for you and your family, whether you are moving at the same time or not (this includes automobile expenses as well as meals and hotel during the trip);<\/li><li>transportation and storage costs for your furniture (this includes packing your belongings, movers, insurance for your belongings and temporary storage of your belongings, if applicable);<\/li><li>the cost of meals and temporary accommodation near your old and new residence, for a maximum of 15 days;<\/li><li>the cost of terminating the lease of your old residence;<\/li><li>any incidental costs related to your move, whether legal costs, replacement costs of driver&#8217;s licenses and registration certificates, as well as any connection and disconnection costs of public services (water, electricity, heating).<\/li><\/ul>\n\n<p><\/p>\n\n<p><span style=\"font-weight: 400;\">As an <\/span><b>owner<\/b><span style=\"font-weight: 400;\">, if you had to pay maintenance costs for your old residence left vacant following your move, you could deduct a maximum of $ 5,000. These costs include insurance, property taxes, heat, electricity, interest, etc.<\/span><\/p>\n\n<p><span style=\"font-weight: 400;\">You can also deduct <\/span><b>costs related to the sale of your old residence<\/b><span style=\"font-weight: 400;\"> such as advertising costs, commission paid to a real estate broker, notary fees, as well as the penalty for paying your mortgage, if applicable.<\/span>&#13;\n&#13;\n\u00a0<\/p>\n\n<p><span style=\"font-weight: 400;\">If you sold your home as a result of this move, you may also be able to deduct certain <\/span><b>expenses for the purchase of a new home<\/b><span style=\"font-weight: 400;\">.<\/span><\/p>\n\n<p>In total, you can take a deduction for moving expenses in the thousands of dollars. It is therefore important to keep all your supporting documents in order to avoid unpleasant surprises.&#13;\n<\/p>\n\n<h2 class=\"wp-block-heading\"><b>Fees paid by the employer<\/b><\/h2>\n\n<p>Many companies are defraying the relocation costs of their employees and families. If your moving expenses were paid by your employer and they are not included in your income, you will not be able to claim a deduction for moving expenses from the CRA.<\/p>\n\n<p>If in doubt, it is better to consult one of our tax experts. We will make sure to maximize the tax deductions to which you are entitled.<\/p>\n","protected":false},"excerpt":{"rendered":"<p>If you are moving for a job, to run a business or for your education, deducting your moving expenses can pay off.<\/p>\n","protected":false},"author":4,"featured_media":7222,"comment_status":"closed","ping_status":"closed","sticky":false,"template":"","format":"standard","meta":{"_acf_changed":false,"inline_featured_image":false,"footnotes":""},"categories":[260],"tags":[41,262,265],"class_list":["post-7225","post","type-post","status-publish","format-standard","has-post-thumbnail","hentry","category-canadian-tax","tag-individual","tag-canadian-tax-en","tag-moving-expenses"],"acf":[],"yoast_head":"<!-- This site is optimized with the Yoast SEO plugin v27.5 - https:\/\/yoast.com\/product\/yoast-seo-wordpress\/ -->\n<title>Can I deduct my moving expenses? - Effisca<\/title>\n<meta name=\"description\" content=\"If you are moving for a job, to run a business or for your education, deducting your moving expenses can pay off.\" \/>\n<meta name=\"robots\" content=\"index, follow, max-snippet:-1, max-image-preview:large, max-video-preview:-1\" \/>\n<link rel=\"canonical\" href=\"https:\/\/www.effisca.com\/en\/can-i-deduct-my-moving-expenses\/\" \/>\n<meta property=\"og:locale\" content=\"en_US\" \/>\n<meta property=\"og:type\" content=\"article\" \/>\n<meta property=\"og:title\" content=\"Can I deduct my moving expenses? - Effisca\" \/>\n<meta property=\"og:description\" content=\"If you are moving for a job, to run a business or for your education, deducting your moving expenses can pay off.\" \/>\n<meta property=\"og:url\" content=\"https:\/\/www.effisca.com\/en\/can-i-deduct-my-moving-expenses\/\" \/>\n<meta property=\"og:site_name\" content=\"Effisca\" \/>\n<meta property=\"article:publisher\" content=\"https:\/\/www.facebook.com\/effisca\" \/>\n<meta property=\"article:published_time\" content=\"2021-06-29T17:28:05+00:00\" \/>\n<meta property=\"og:image\" content=\"https:\/\/www.effisca.com\/wp-content\/uploads\/2021\/06\/deduction-pour-frais-de-demenagement-effisca-fiscalite.jpg\" \/>\n\t<meta property=\"og:image:width\" content=\"1600\" \/>\n\t<meta property=\"og:image:height\" content=\"1068\" \/>\n\t<meta property=\"og:image:type\" content=\"image\/jpeg\" \/>\n<meta name=\"author\" content=\"Nicolas Godbout, fiscaliste et planificateur financier, M. Fisc., Pl. Fin\" \/>\n<meta name=\"twitter:card\" content=\"summary_large_image\" \/>\n<meta name=\"twitter:label1\" content=\"Written by\" \/>\n\t<meta name=\"twitter:data1\" content=\"Nicolas Godbout, fiscaliste et planificateur financier, M. Fisc., Pl. Fin\" \/>\n\t<meta name=\"twitter:label2\" content=\"Est. reading time\" \/>\n\t<meta name=\"twitter:data2\" content=\"3 minutes\" \/>\n<script type=\"application\/ld+json\" class=\"yoast-schema-graph\">{\"@context\":\"https:\\\/\\\/schema.org\",\"@graph\":[{\"@type\":\"Article\",\"@id\":\"https:\\\/\\\/www.effisca.com\\\/en\\\/can-i-deduct-my-moving-expenses\\\/#article\",\"isPartOf\":{\"@id\":\"https:\\\/\\\/www.effisca.com\\\/en\\\/can-i-deduct-my-moving-expenses\\\/\"},\"author\":{\"name\":\"Nicolas Godbout, fiscaliste et planificateur financier, M. Fisc., Pl. Fin\",\"@id\":\"https:\\\/\\\/www.effisca.com\\\/en\\\/#\\\/schema\\\/person\\\/6c9e7c13c3415f1f947bc1da708b8bf4\"},\"headline\":\"Can I deduct my moving expenses?\",\"datePublished\":\"2021-06-29T17:28:05+00:00\",\"mainEntityOfPage\":{\"@id\":\"https:\\\/\\\/www.effisca.com\\\/en\\\/can-i-deduct-my-moving-expenses\\\/\"},\"wordCount\":603,\"publisher\":{\"@id\":\"https:\\\/\\\/www.effisca.com\\\/en\\\/#organization\"},\"image\":{\"@id\":\"https:\\\/\\\/www.effisca.com\\\/en\\\/can-i-deduct-my-moving-expenses\\\/#primaryimage\"},\"thumbnailUrl\":\"https:\\\/\\\/www.effisca.com\\\/wp-content\\\/uploads\\\/2021\\\/06\\\/deduction-pour-frais-de-demenagement-effisca-fiscalite.jpg\",\"keywords\":[\"individual\",\"canadian tax\",\"moving expenses\"],\"articleSection\":[\"Canadian tax\"],\"inLanguage\":\"en-US\"},{\"@type\":\"WebPage\",\"@id\":\"https:\\\/\\\/www.effisca.com\\\/en\\\/can-i-deduct-my-moving-expenses\\\/\",\"url\":\"https:\\\/\\\/www.effisca.com\\\/en\\\/can-i-deduct-my-moving-expenses\\\/\",\"name\":\"Can I deduct my moving expenses? - Effisca\",\"isPartOf\":{\"@id\":\"https:\\\/\\\/www.effisca.com\\\/en\\\/#website\"},\"primaryImageOfPage\":{\"@id\":\"https:\\\/\\\/www.effisca.com\\\/en\\\/can-i-deduct-my-moving-expenses\\\/#primaryimage\"},\"image\":{\"@id\":\"https:\\\/\\\/www.effisca.com\\\/en\\\/can-i-deduct-my-moving-expenses\\\/#primaryimage\"},\"thumbnailUrl\":\"https:\\\/\\\/www.effisca.com\\\/wp-content\\\/uploads\\\/2021\\\/06\\\/deduction-pour-frais-de-demenagement-effisca-fiscalite.jpg\",\"datePublished\":\"2021-06-29T17:28:05+00:00\",\"description\":\"If you are moving for a job, to run a business or for your education, deducting your moving expenses can pay off.\",\"breadcrumb\":{\"@id\":\"https:\\\/\\\/www.effisca.com\\\/en\\\/can-i-deduct-my-moving-expenses\\\/#breadcrumb\"},\"inLanguage\":\"en-US\",\"potentialAction\":[{\"@type\":\"ReadAction\",\"target\":[\"https:\\\/\\\/www.effisca.com\\\/en\\\/can-i-deduct-my-moving-expenses\\\/\"]}]},{\"@type\":\"ImageObject\",\"inLanguage\":\"en-US\",\"@id\":\"https:\\\/\\\/www.effisca.com\\\/en\\\/can-i-deduct-my-moving-expenses\\\/#primaryimage\",\"url\":\"https:\\\/\\\/www.effisca.com\\\/wp-content\\\/uploads\\\/2021\\\/06\\\/deduction-pour-frais-de-demenagement-effisca-fiscalite.jpg\",\"contentUrl\":\"https:\\\/\\\/www.effisca.com\\\/wp-content\\\/uploads\\\/2021\\\/06\\\/deduction-pour-frais-de-demenagement-effisca-fiscalite.jpg\",\"width\":1600,\"height\":1068},{\"@type\":\"BreadcrumbList\",\"@id\":\"https:\\\/\\\/www.effisca.com\\\/en\\\/can-i-deduct-my-moving-expenses\\\/#breadcrumb\",\"itemListElement\":[{\"@type\":\"ListItem\",\"position\":1,\"name\":\"Accueil\",\"item\":\"https:\\\/\\\/www.effisca.com\\\/en\\\/\"},{\"@type\":\"ListItem\",\"position\":2,\"name\":\"Can I deduct my moving expenses?\"}]},{\"@type\":\"WebSite\",\"@id\":\"https:\\\/\\\/www.effisca.com\\\/en\\\/#website\",\"url\":\"https:\\\/\\\/www.effisca.com\\\/en\\\/\",\"name\":\"Effisca\",\"description\":\"Tax firm specializing in Canadian, US and international tax\",\"publisher\":{\"@id\":\"https:\\\/\\\/www.effisca.com\\\/en\\\/#organization\"},\"potentialAction\":[{\"@type\":\"SearchAction\",\"target\":{\"@type\":\"EntryPoint\",\"urlTemplate\":\"https:\\\/\\\/www.effisca.com\\\/en\\\/?s={search_term_string}\"},\"query-input\":{\"@type\":\"PropertyValueSpecification\",\"valueRequired\":true,\"valueName\":\"search_term_string\"}}],\"inLanguage\":\"en-US\"},{\"@type\":\"Organization\",\"@id\":\"https:\\\/\\\/www.effisca.com\\\/en\\\/#organization\",\"name\":\"Effisca\",\"url\":\"https:\\\/\\\/www.effisca.com\\\/en\\\/\",\"logo\":{\"@type\":\"ImageObject\",\"inLanguage\":\"en-US\",\"@id\":\"https:\\\/\\\/www.effisca.com\\\/en\\\/#\\\/schema\\\/logo\\\/image\\\/\",\"url\":\"https:\\\/\\\/www.effisca.com\\\/wp-content\\\/uploads\\\/2021\\\/01\\\/effisca-logo-1.png\",\"contentUrl\":\"https:\\\/\\\/www.effisca.com\\\/wp-content\\\/uploads\\\/2021\\\/01\\\/effisca-logo-1.png\",\"width\":1200,\"height\":355,\"caption\":\"Effisca\"},\"image\":{\"@id\":\"https:\\\/\\\/www.effisca.com\\\/en\\\/#\\\/schema\\\/logo\\\/image\\\/\"},\"sameAs\":[\"https:\\\/\\\/www.facebook.com\\\/effisca\",\"https:\\\/\\\/www.linkedin.com\\\/company\\\/effisca\\\/\"]},{\"@type\":\"Person\",\"@id\":\"https:\\\/\\\/www.effisca.com\\\/en\\\/#\\\/schema\\\/person\\\/6c9e7c13c3415f1f947bc1da708b8bf4\",\"name\":\"Nicolas Godbout, fiscaliste et planificateur financier, M. Fisc., Pl. Fin\",\"image\":{\"@type\":\"ImageObject\",\"inLanguage\":\"en-US\",\"@id\":\"https:\\\/\\\/www.effisca.com\\\/wp-content\\\/litespeed\\\/avatar\\\/29afa80a1d4055e5f98fe657f444aca1.jpg?ver=1777407046\",\"url\":\"https:\\\/\\\/www.effisca.com\\\/wp-content\\\/litespeed\\\/avatar\\\/29afa80a1d4055e5f98fe657f444aca1.jpg?ver=1777407046\",\"contentUrl\":\"https:\\\/\\\/www.effisca.com\\\/wp-content\\\/litespeed\\\/avatar\\\/29afa80a1d4055e5f98fe657f444aca1.jpg?ver=1777407046\",\"caption\":\"Nicolas Godbout, fiscaliste et planificateur financier, M. Fisc., Pl. Fin\"},\"description\":\"Titulaire d\u2019un baccalaur\u00e9at en gestion (B. Gest.) de HEC Montr\u00e9al et d\u2019une ma\u00eetrise en fiscalit\u00e9 (M. Fisc.) de l\u2019Universit\u00e9 de Sherbrooke, Nicolas a \u00e9galement compl\u00e9t\u00e9 un certificat en planification financi\u00e8re personnelle de HEC Montr\u00e9al. En 2007, il a r\u00e9ussi avec succ\u00e8s l\u2019examen de l\u2019Institut qu\u00e9b\u00e9cois de planification financi\u00e8re (IQPF) menant au titre de planificateur financier (Pl. Fin.). Fort de plus de 20 ans d\u2019exp\u00e9rience dans son domaine, Nicolas a plus d\u2019une corde \u00e0 son arc pour r\u00e9pondre efficacement aux besoins de ses clients en mati\u00e8re de fiscalit\u00e9, de services comptables et de planification financi\u00e8re. Son approche personnalis\u00e9e et son \u00e9coute lui permet en outre de cerner rapidement ce qui est le plus important pour eux et de leur faire les meilleures recommandations pour leur permettre d\u2019atteindre leurs objectifs.\",\"url\":\"https:\\\/\\\/www.effisca.com\\\/en\\\/author\\\/nicolas-godbout\\\/\"}]}<\/script>\n<!-- \/ Yoast SEO plugin. -->","yoast_head_json":{"title":"Can I deduct my moving expenses? - Effisca","description":"If you are moving for a job, to run a business or for your education, deducting your moving expenses can pay off.","robots":{"index":"index","follow":"follow","max-snippet":"max-snippet:-1","max-image-preview":"max-image-preview:large","max-video-preview":"max-video-preview:-1"},"canonical":"https:\/\/www.effisca.com\/en\/can-i-deduct-my-moving-expenses\/","og_locale":"en_US","og_type":"article","og_title":"Can I deduct my moving expenses? - Effisca","og_description":"If you are moving for a job, to run a business or for your education, deducting your moving expenses can pay off.","og_url":"https:\/\/www.effisca.com\/en\/can-i-deduct-my-moving-expenses\/","og_site_name":"Effisca","article_publisher":"https:\/\/www.facebook.com\/effisca","article_published_time":"2021-06-29T17:28:05+00:00","og_image":[{"width":1600,"height":1068,"url":"https:\/\/www.effisca.com\/wp-content\/uploads\/2021\/06\/deduction-pour-frais-de-demenagement-effisca-fiscalite.jpg","type":"image\/jpeg"}],"author":"Nicolas Godbout, fiscaliste et planificateur financier, M. Fisc., Pl. Fin","twitter_card":"summary_large_image","twitter_misc":{"Written by":"Nicolas Godbout, fiscaliste et planificateur financier, M. Fisc., Pl. Fin","Est. reading time":"3 minutes"},"schema":{"@context":"https:\/\/schema.org","@graph":[{"@type":"Article","@id":"https:\/\/www.effisca.com\/en\/can-i-deduct-my-moving-expenses\/#article","isPartOf":{"@id":"https:\/\/www.effisca.com\/en\/can-i-deduct-my-moving-expenses\/"},"author":{"name":"Nicolas Godbout, fiscaliste et planificateur financier, M. Fisc., Pl. Fin","@id":"https:\/\/www.effisca.com\/en\/#\/schema\/person\/6c9e7c13c3415f1f947bc1da708b8bf4"},"headline":"Can I deduct my moving expenses?","datePublished":"2021-06-29T17:28:05+00:00","mainEntityOfPage":{"@id":"https:\/\/www.effisca.com\/en\/can-i-deduct-my-moving-expenses\/"},"wordCount":603,"publisher":{"@id":"https:\/\/www.effisca.com\/en\/#organization"},"image":{"@id":"https:\/\/www.effisca.com\/en\/can-i-deduct-my-moving-expenses\/#primaryimage"},"thumbnailUrl":"https:\/\/www.effisca.com\/wp-content\/uploads\/2021\/06\/deduction-pour-frais-de-demenagement-effisca-fiscalite.jpg","keywords":["individual","canadian tax","moving expenses"],"articleSection":["Canadian tax"],"inLanguage":"en-US"},{"@type":"WebPage","@id":"https:\/\/www.effisca.com\/en\/can-i-deduct-my-moving-expenses\/","url":"https:\/\/www.effisca.com\/en\/can-i-deduct-my-moving-expenses\/","name":"Can I deduct my moving expenses? - Effisca","isPartOf":{"@id":"https:\/\/www.effisca.com\/en\/#website"},"primaryImageOfPage":{"@id":"https:\/\/www.effisca.com\/en\/can-i-deduct-my-moving-expenses\/#primaryimage"},"image":{"@id":"https:\/\/www.effisca.com\/en\/can-i-deduct-my-moving-expenses\/#primaryimage"},"thumbnailUrl":"https:\/\/www.effisca.com\/wp-content\/uploads\/2021\/06\/deduction-pour-frais-de-demenagement-effisca-fiscalite.jpg","datePublished":"2021-06-29T17:28:05+00:00","description":"If you are moving for a job, to run a business or for your education, deducting your moving expenses can pay off.","breadcrumb":{"@id":"https:\/\/www.effisca.com\/en\/can-i-deduct-my-moving-expenses\/#breadcrumb"},"inLanguage":"en-US","potentialAction":[{"@type":"ReadAction","target":["https:\/\/www.effisca.com\/en\/can-i-deduct-my-moving-expenses\/"]}]},{"@type":"ImageObject","inLanguage":"en-US","@id":"https:\/\/www.effisca.com\/en\/can-i-deduct-my-moving-expenses\/#primaryimage","url":"https:\/\/www.effisca.com\/wp-content\/uploads\/2021\/06\/deduction-pour-frais-de-demenagement-effisca-fiscalite.jpg","contentUrl":"https:\/\/www.effisca.com\/wp-content\/uploads\/2021\/06\/deduction-pour-frais-de-demenagement-effisca-fiscalite.jpg","width":1600,"height":1068},{"@type":"BreadcrumbList","@id":"https:\/\/www.effisca.com\/en\/can-i-deduct-my-moving-expenses\/#breadcrumb","itemListElement":[{"@type":"ListItem","position":1,"name":"Accueil","item":"https:\/\/www.effisca.com\/en\/"},{"@type":"ListItem","position":2,"name":"Can I deduct my moving expenses?"}]},{"@type":"WebSite","@id":"https:\/\/www.effisca.com\/en\/#website","url":"https:\/\/www.effisca.com\/en\/","name":"Effisca","description":"Tax firm specializing in Canadian, US and international tax","publisher":{"@id":"https:\/\/www.effisca.com\/en\/#organization"},"potentialAction":[{"@type":"SearchAction","target":{"@type":"EntryPoint","urlTemplate":"https:\/\/www.effisca.com\/en\/?s={search_term_string}"},"query-input":{"@type":"PropertyValueSpecification","valueRequired":true,"valueName":"search_term_string"}}],"inLanguage":"en-US"},{"@type":"Organization","@id":"https:\/\/www.effisca.com\/en\/#organization","name":"Effisca","url":"https:\/\/www.effisca.com\/en\/","logo":{"@type":"ImageObject","inLanguage":"en-US","@id":"https:\/\/www.effisca.com\/en\/#\/schema\/logo\/image\/","url":"https:\/\/www.effisca.com\/wp-content\/uploads\/2021\/01\/effisca-logo-1.png","contentUrl":"https:\/\/www.effisca.com\/wp-content\/uploads\/2021\/01\/effisca-logo-1.png","width":1200,"height":355,"caption":"Effisca"},"image":{"@id":"https:\/\/www.effisca.com\/en\/#\/schema\/logo\/image\/"},"sameAs":["https:\/\/www.facebook.com\/effisca","https:\/\/www.linkedin.com\/company\/effisca\/"]},{"@type":"Person","@id":"https:\/\/www.effisca.com\/en\/#\/schema\/person\/6c9e7c13c3415f1f947bc1da708b8bf4","name":"Nicolas Godbout, fiscaliste et planificateur financier, M. Fisc., Pl. Fin","image":{"@type":"ImageObject","inLanguage":"en-US","@id":"https:\/\/www.effisca.com\/wp-content\/litespeed\/avatar\/29afa80a1d4055e5f98fe657f444aca1.jpg?ver=1777407046","url":"https:\/\/www.effisca.com\/wp-content\/litespeed\/avatar\/29afa80a1d4055e5f98fe657f444aca1.jpg?ver=1777407046","contentUrl":"https:\/\/www.effisca.com\/wp-content\/litespeed\/avatar\/29afa80a1d4055e5f98fe657f444aca1.jpg?ver=1777407046","caption":"Nicolas Godbout, fiscaliste et planificateur financier, M. Fisc., Pl. Fin"},"description":"Titulaire d\u2019un baccalaur\u00e9at en gestion (B. Gest.) de HEC Montr\u00e9al et d\u2019une ma\u00eetrise en fiscalit\u00e9 (M. Fisc.) de l\u2019Universit\u00e9 de Sherbrooke, Nicolas a \u00e9galement compl\u00e9t\u00e9 un certificat en planification financi\u00e8re personnelle de HEC Montr\u00e9al. En 2007, il a r\u00e9ussi avec succ\u00e8s l\u2019examen de l\u2019Institut qu\u00e9b\u00e9cois de planification financi\u00e8re (IQPF) menant au titre de planificateur financier (Pl. Fin.). Fort de plus de 20 ans d\u2019exp\u00e9rience dans son domaine, Nicolas a plus d\u2019une corde \u00e0 son arc pour r\u00e9pondre efficacement aux besoins de ses clients en mati\u00e8re de fiscalit\u00e9, de services comptables et de planification financi\u00e8re. Son approche personnalis\u00e9e et son \u00e9coute lui permet en outre de cerner rapidement ce qui est le plus important pour eux et de leur faire les meilleures recommandations pour leur permettre d\u2019atteindre leurs objectifs.","url":"https:\/\/www.effisca.com\/en\/author\/nicolas-godbout\/"}]}},"_links":{"self":[{"href":"https:\/\/www.effisca.com\/en\/wp-json\/wp\/v2\/posts\/7225","targetHints":{"allow":["GET"]}}],"collection":[{"href":"https:\/\/www.effisca.com\/en\/wp-json\/wp\/v2\/posts"}],"about":[{"href":"https:\/\/www.effisca.com\/en\/wp-json\/wp\/v2\/types\/post"}],"author":[{"embeddable":true,"href":"https:\/\/www.effisca.com\/en\/wp-json\/wp\/v2\/users\/4"}],"replies":[{"embeddable":true,"href":"https:\/\/www.effisca.com\/en\/wp-json\/wp\/v2\/comments?post=7225"}],"version-history":[{"count":1,"href":"https:\/\/www.effisca.com\/en\/wp-json\/wp\/v2\/posts\/7225\/revisions"}],"predecessor-version":[{"id":7226,"href":"https:\/\/www.effisca.com\/en\/wp-json\/wp\/v2\/posts\/7225\/revisions\/7226"}],"wp:featuredmedia":[{"embeddable":true,"href":"https:\/\/www.effisca.com\/en\/wp-json\/wp\/v2\/media\/7222"}],"wp:attachment":[{"href":"https:\/\/www.effisca.com\/en\/wp-json\/wp\/v2\/media?parent=7225"}],"wp:term":[{"taxonomy":"category","embeddable":true,"href":"https:\/\/www.effisca.com\/en\/wp-json\/wp\/v2\/categories?post=7225"},{"taxonomy":"post_tag","embeddable":true,"href":"https:\/\/www.effisca.com\/en\/wp-json\/wp\/v2\/tags?post=7225"}],"curies":[{"name":"wp","href":"https:\/\/api.w.org\/{rel}","templated":true}]}}