{"id":6618,"date":"2021-05-14T07:53:00","date_gmt":"2021-05-14T11:53:00","guid":{"rendered":"https:\/\/www.effisca.com\/?p=6618"},"modified":"2021-11-08T15:20:40","modified_gmt":"2021-11-08T20:20:40","slug":"employees-abroad-your-obligations-as-an-employer","status":"publish","type":"post","link":"https:\/\/www.effisca.com\/en\/employees-abroad-your-obligations-as-an-employer\/","title":{"rendered":"Employees abroad: your obligations as an employer"},"content":{"rendered":"\n<p>In these times of the COVID-19 pandemic, the health and safety of employees has become a priority issue for companies. For companies looking to deploy employees overseas, this can become a real headache. Because in addition to health and safety issues, companies posting employees overseas need to do good planning.<\/p>\n\n\n\n<p>In addition to making sure they are in good standing with immigration, they must also take into account several tax and social issues. Do you want to deploy employees abroad? Here are your tax obligations as an employer.<\/p>\n\n\n\n<h2 class=\"wp-block-heading\"><strong>Factors to consider<\/strong><\/h2>\n\n\n\n<p>Tax authorities in foreign countries ensure that foreign workers meet their local tax and social obligations. These depend on several factors, including:<\/p>\n\n\n\n<ul class=\"wp-block-list\"><li>the corporate structure used;<\/li><li>the territory of origin of the seconded employees;<\/li><li>the company&#8217;s activities in the host country;<\/li><li>the presence of a tax treaty between the posting territory and the host territory;<\/li><li>the presence of a social security agreement between the posting territory and the host territory.<\/li><\/ul>\n\n\n\n<p>It therefore becomes very important to assess the situation surrounding your secondment in order to optimize the cost of it. It will also be wise to use the different applicable agreements depending on your situation.<\/p>\n\n\n\n<h2 class=\"wp-block-heading\"><strong>Employers&#8217; tax obligations<\/strong><\/h2>\n\n\n\n<p>A business that posts employees overseas should be aware of the tax obligations of the foreign country where its employees work. This will allow him to meet his tax reporting, withholding and remitting obligations, which may vary depending on the situation.<\/p>\n\n\n\n<p>So, if a <a href=\"https:\/\/www.effisca.com\/en\/ties-considered-in-determining-residency-status\/\">tax treaty<\/a> between the two countries is in effect, your employees may not be subject to foreign tax.<\/p>\n\n\n\n<p>In some cases, you may also be considered, within the meaning of the law, to carry on a business in that country. Much will depend on the type of work your business does overseas. If so, you may be required to register for taxes and file an annual income tax return showing income earned in that country.<\/p>\n\n\n\n<p>As you can see, there are several things to consider when a company wants to deploy employees overseas. Given the complexity of the rules surrounding secondment, we invite you to consult our tax experts in order to validate what applies to your situation.<\/p>\n","protected":false},"excerpt":{"rendered":"<p>Companies wishing to deploy employees abroad must take into account several tax and social issues. It can quickly become a real headache.<\/p>\n","protected":false},"author":9,"featured_media":7611,"comment_status":"closed","ping_status":"closed","sticky":false,"template":"","format":"standard","meta":{"_acf_changed":false,"inline_featured_image":false,"footnotes":""},"categories":[70],"tags":[122,293],"class_list":["post-6618","post","type-post","status-publish","format-standard","has-post-thumbnail","hentry","category-international-tax","tag-international-tax","tag-business-en"],"acf":[],"yoast_head":"<!-- This site is optimized with the Yoast SEO plugin v27.5 - https:\/\/yoast.com\/product\/yoast-seo-wordpress\/ -->\n<title>Employees abroad: your obligations as an employer - Effisca<\/title>\n<meta name=\"description\" content=\"Companies wishing to deploy employees abroad must take into account several tax and social issues. It can quickly become a real headache.\" \/>\n<meta name=\"robots\" content=\"index, follow, max-snippet:-1, max-image-preview:large, max-video-preview:-1\" \/>\n<link rel=\"canonical\" href=\"https:\/\/www.effisca.com\/en\/employees-abroad-your-obligations-as-an-employer\/\" \/>\n<meta property=\"og:locale\" content=\"en_US\" \/>\n<meta property=\"og:type\" content=\"article\" \/>\n<meta property=\"og:title\" content=\"Employees abroad: your obligations as an employer - Effisca\" \/>\n<meta property=\"og:description\" content=\"Companies wishing to deploy employees abroad must take into account several tax and social issues. It can quickly become a real headache.\" \/>\n<meta property=\"og:url\" content=\"https:\/\/www.effisca.com\/en\/employees-abroad-your-obligations-as-an-employer\/\" \/>\n<meta property=\"og:site_name\" content=\"Effisca\" \/>\n<meta property=\"article:publisher\" content=\"https:\/\/www.facebook.com\/effisca\" \/>\n<meta property=\"article:published_time\" content=\"2021-05-14T11:53:00+00:00\" \/>\n<meta property=\"article:modified_time\" content=\"2021-11-08T20:20:40+00:00\" \/>\n<meta property=\"og:image\" content=\"https:\/\/www.effisca.com\/wp-content\/uploads\/2021\/05\/tobias-dKly-iFzZIc-unsplash-scaled.jpg\" \/>\n\t<meta property=\"og:image:width\" content=\"2560\" \/>\n\t<meta property=\"og:image:height\" content=\"1707\" \/>\n\t<meta property=\"og:image:type\" content=\"image\/jpeg\" \/>\n<meta name=\"author\" content=\"\u00c9ric Jobidon, fiscaliste, B.A.A., D. Fisc.\" \/>\n<meta name=\"twitter:card\" content=\"summary_large_image\" \/>\n<meta name=\"twitter:label1\" content=\"Written by\" \/>\n\t<meta name=\"twitter:data1\" content=\"\u00c9ric Jobidon, tax expert, B.A.A., D. Fisc.\" \/>\n\t<meta name=\"twitter:label2\" content=\"Est. reading time\" \/>\n\t<meta name=\"twitter:data2\" content=\"2 minutes\" \/>\n<script type=\"application\/ld+json\" class=\"yoast-schema-graph\">{\"@context\":\"https:\\\/\\\/schema.org\",\"@graph\":[{\"@type\":\"Article\",\"@id\":\"https:\\\/\\\/www.effisca.com\\\/en\\\/employees-abroad-your-obligations-as-an-employer\\\/#article\",\"isPartOf\":{\"@id\":\"https:\\\/\\\/www.effisca.com\\\/en\\\/employees-abroad-your-obligations-as-an-employer\\\/\"},\"author\":{\"name\":\"\u00c9ric Jobidon, fiscaliste, B.A.A., D. Fisc.\",\"@id\":\"https:\\\/\\\/www.effisca.com\\\/en\\\/#\\\/schema\\\/person\\\/e11b9c88497db66b9e92ec28b6bb2d75\"},\"headline\":\"Employees abroad: your obligations as an employer\",\"datePublished\":\"2021-05-14T11:53:00+00:00\",\"dateModified\":\"2021-11-08T20:20:40+00:00\",\"mainEntityOfPage\":{\"@id\":\"https:\\\/\\\/www.effisca.com\\\/en\\\/employees-abroad-your-obligations-as-an-employer\\\/\"},\"wordCount\":369,\"publisher\":{\"@id\":\"https:\\\/\\\/www.effisca.com\\\/en\\\/#organization\"},\"image\":{\"@id\":\"https:\\\/\\\/www.effisca.com\\\/en\\\/employees-abroad-your-obligations-as-an-employer\\\/#primaryimage\"},\"thumbnailUrl\":\"https:\\\/\\\/www.effisca.com\\\/wp-content\\\/uploads\\\/2021\\\/05\\\/tobias-dKly-iFzZIc-unsplash-scaled.jpg\",\"keywords\":[\"international tax\",\"business\"],\"articleSection\":[\"International tax\"],\"inLanguage\":\"en-US\"},{\"@type\":\"WebPage\",\"@id\":\"https:\\\/\\\/www.effisca.com\\\/en\\\/employees-abroad-your-obligations-as-an-employer\\\/\",\"url\":\"https:\\\/\\\/www.effisca.com\\\/en\\\/employees-abroad-your-obligations-as-an-employer\\\/\",\"name\":\"Employees abroad: your obligations as an employer - Effisca\",\"isPartOf\":{\"@id\":\"https:\\\/\\\/www.effisca.com\\\/en\\\/#website\"},\"primaryImageOfPage\":{\"@id\":\"https:\\\/\\\/www.effisca.com\\\/en\\\/employees-abroad-your-obligations-as-an-employer\\\/#primaryimage\"},\"image\":{\"@id\":\"https:\\\/\\\/www.effisca.com\\\/en\\\/employees-abroad-your-obligations-as-an-employer\\\/#primaryimage\"},\"thumbnailUrl\":\"https:\\\/\\\/www.effisca.com\\\/wp-content\\\/uploads\\\/2021\\\/05\\\/tobias-dKly-iFzZIc-unsplash-scaled.jpg\",\"datePublished\":\"2021-05-14T11:53:00+00:00\",\"dateModified\":\"2021-11-08T20:20:40+00:00\",\"description\":\"Companies wishing to deploy employees abroad must take into account several tax and social issues. It can quickly become a real headache.\",\"breadcrumb\":{\"@id\":\"https:\\\/\\\/www.effisca.com\\\/en\\\/employees-abroad-your-obligations-as-an-employer\\\/#breadcrumb\"},\"inLanguage\":\"en-US\",\"potentialAction\":[{\"@type\":\"ReadAction\",\"target\":[\"https:\\\/\\\/www.effisca.com\\\/en\\\/employees-abroad-your-obligations-as-an-employer\\\/\"]}]},{\"@type\":\"ImageObject\",\"inLanguage\":\"en-US\",\"@id\":\"https:\\\/\\\/www.effisca.com\\\/en\\\/employees-abroad-your-obligations-as-an-employer\\\/#primaryimage\",\"url\":\"https:\\\/\\\/www.effisca.com\\\/wp-content\\\/uploads\\\/2021\\\/05\\\/tobias-dKly-iFzZIc-unsplash-scaled.jpg\",\"contentUrl\":\"https:\\\/\\\/www.effisca.com\\\/wp-content\\\/uploads\\\/2021\\\/05\\\/tobias-dKly-iFzZIc-unsplash-scaled.jpg\",\"width\":2560,\"height\":1707},{\"@type\":\"BreadcrumbList\",\"@id\":\"https:\\\/\\\/www.effisca.com\\\/en\\\/employees-abroad-your-obligations-as-an-employer\\\/#breadcrumb\",\"itemListElement\":[{\"@type\":\"ListItem\",\"position\":1,\"name\":\"Accueil\",\"item\":\"https:\\\/\\\/www.effisca.com\\\/en\\\/\"},{\"@type\":\"ListItem\",\"position\":2,\"name\":\"Employees abroad: your obligations as an employer\"}]},{\"@type\":\"WebSite\",\"@id\":\"https:\\\/\\\/www.effisca.com\\\/en\\\/#website\",\"url\":\"https:\\\/\\\/www.effisca.com\\\/en\\\/\",\"name\":\"Effisca\",\"description\":\"Tax firm specializing in Canadian, US and international tax\",\"publisher\":{\"@id\":\"https:\\\/\\\/www.effisca.com\\\/en\\\/#organization\"},\"potentialAction\":[{\"@type\":\"SearchAction\",\"target\":{\"@type\":\"EntryPoint\",\"urlTemplate\":\"https:\\\/\\\/www.effisca.com\\\/en\\\/?s={search_term_string}\"},\"query-input\":{\"@type\":\"PropertyValueSpecification\",\"valueRequired\":true,\"valueName\":\"search_term_string\"}}],\"inLanguage\":\"en-US\"},{\"@type\":\"Organization\",\"@id\":\"https:\\\/\\\/www.effisca.com\\\/en\\\/#organization\",\"name\":\"Effisca\",\"url\":\"https:\\\/\\\/www.effisca.com\\\/en\\\/\",\"logo\":{\"@type\":\"ImageObject\",\"inLanguage\":\"en-US\",\"@id\":\"https:\\\/\\\/www.effisca.com\\\/en\\\/#\\\/schema\\\/logo\\\/image\\\/\",\"url\":\"https:\\\/\\\/www.effisca.com\\\/wp-content\\\/uploads\\\/2021\\\/01\\\/effisca-logo-1.png\",\"contentUrl\":\"https:\\\/\\\/www.effisca.com\\\/wp-content\\\/uploads\\\/2021\\\/01\\\/effisca-logo-1.png\",\"width\":1200,\"height\":355,\"caption\":\"Effisca\"},\"image\":{\"@id\":\"https:\\\/\\\/www.effisca.com\\\/en\\\/#\\\/schema\\\/logo\\\/image\\\/\"},\"sameAs\":[\"https:\\\/\\\/www.facebook.com\\\/effisca\",\"https:\\\/\\\/www.linkedin.com\\\/company\\\/effisca\\\/\"]},{\"@type\":\"Person\",\"@id\":\"https:\\\/\\\/www.effisca.com\\\/en\\\/#\\\/schema\\\/person\\\/e11b9c88497db66b9e92ec28b6bb2d75\",\"name\":\"\u00c9ric Jobidon, fiscaliste, B.A.A., D. Fisc.\",\"image\":{\"@type\":\"ImageObject\",\"inLanguage\":\"en-US\",\"@id\":\"https:\\\/\\\/www.effisca.com\\\/wp-content\\\/litespeed\\\/avatar\\\/4550a64fbd5b362a148ce57d695b65df.jpg?ver=1777413383\",\"url\":\"https:\\\/\\\/www.effisca.com\\\/wp-content\\\/litespeed\\\/avatar\\\/4550a64fbd5b362a148ce57d695b65df.jpg?ver=1777413383\",\"contentUrl\":\"https:\\\/\\\/www.effisca.com\\\/wp-content\\\/litespeed\\\/avatar\\\/4550a64fbd5b362a148ce57d695b65df.jpg?ver=1777413383\",\"caption\":\"\u00c9ric Jobidon, fiscaliste, B.A.A., D. Fisc.\"},\"description\":\"Titulaire d\u2019un baccalaur\u00e9at en administration des affaires (B.A.A.) et d\u2019un dipl\u00f4me d\u2019\u00e9tudes sup\u00e9rieures en fiscalit\u00e9 (D. Fisc) de l\u2019Universit\u00e9 Laval, \u00c9ric poss\u00e8de plus de 15 ans d\u2019exp\u00e9rience en fiscalit\u00e9 des expatri\u00e9s. Au cours de sa carri\u00e8re, il a pu parfaire ses connaissances dans le domaine fiscal en travaillant en entreprise ainsi que dans de grands cabinets comptables. Avec ses connaissances approfondies de la fiscalit\u00e9 canadienne et am\u00e9ricaine des particuliers, \u00c9ric aide ses clients \u00e0 maximiser leur situation fiscale. Son expertise dans l\u2019analyse de conventions fiscales et d\u2019ententes de s\u00e9curit\u00e9 sociales lui permet en outre de les conseiller dans la structure \u00e0 utiliser pour leurs employ\u00e9s d\u00e9tach\u00e9s \u00e0 l\u2019\u00e9tranger.\",\"url\":\"https:\\\/\\\/www.effisca.com\\\/en\\\/author\\\/eric-jobidon\\\/\"}]}<\/script>\n<!-- \/ Yoast SEO plugin. -->","yoast_head_json":{"title":"Employees abroad: your obligations as an employer - Effisca","description":"Companies wishing to deploy employees abroad must take into account several tax and social issues. It can quickly become a real headache.","robots":{"index":"index","follow":"follow","max-snippet":"max-snippet:-1","max-image-preview":"max-image-preview:large","max-video-preview":"max-video-preview:-1"},"canonical":"https:\/\/www.effisca.com\/en\/employees-abroad-your-obligations-as-an-employer\/","og_locale":"en_US","og_type":"article","og_title":"Employees abroad: your obligations as an employer - Effisca","og_description":"Companies wishing to deploy employees abroad must take into account several tax and social issues. It can quickly become a real headache.","og_url":"https:\/\/www.effisca.com\/en\/employees-abroad-your-obligations-as-an-employer\/","og_site_name":"Effisca","article_publisher":"https:\/\/www.facebook.com\/effisca","article_published_time":"2021-05-14T11:53:00+00:00","article_modified_time":"2021-11-08T20:20:40+00:00","og_image":[{"width":2560,"height":1707,"url":"https:\/\/www.effisca.com\/wp-content\/uploads\/2021\/05\/tobias-dKly-iFzZIc-unsplash-scaled.jpg","type":"image\/jpeg"}],"author":"\u00c9ric Jobidon, fiscaliste, B.A.A., D. Fisc.","twitter_card":"summary_large_image","twitter_misc":{"Written by":"\u00c9ric Jobidon, tax expert, B.A.A., D. Fisc.","Est. reading time":"2 minutes"},"schema":{"@context":"https:\/\/schema.org","@graph":[{"@type":"Article","@id":"https:\/\/www.effisca.com\/en\/employees-abroad-your-obligations-as-an-employer\/#article","isPartOf":{"@id":"https:\/\/www.effisca.com\/en\/employees-abroad-your-obligations-as-an-employer\/"},"author":{"name":"\u00c9ric Jobidon, fiscaliste, B.A.A., D. Fisc.","@id":"https:\/\/www.effisca.com\/en\/#\/schema\/person\/e11b9c88497db66b9e92ec28b6bb2d75"},"headline":"Employees abroad: your obligations as an employer","datePublished":"2021-05-14T11:53:00+00:00","dateModified":"2021-11-08T20:20:40+00:00","mainEntityOfPage":{"@id":"https:\/\/www.effisca.com\/en\/employees-abroad-your-obligations-as-an-employer\/"},"wordCount":369,"publisher":{"@id":"https:\/\/www.effisca.com\/en\/#organization"},"image":{"@id":"https:\/\/www.effisca.com\/en\/employees-abroad-your-obligations-as-an-employer\/#primaryimage"},"thumbnailUrl":"https:\/\/www.effisca.com\/wp-content\/uploads\/2021\/05\/tobias-dKly-iFzZIc-unsplash-scaled.jpg","keywords":["international tax","business"],"articleSection":["International tax"],"inLanguage":"en-US"},{"@type":"WebPage","@id":"https:\/\/www.effisca.com\/en\/employees-abroad-your-obligations-as-an-employer\/","url":"https:\/\/www.effisca.com\/en\/employees-abroad-your-obligations-as-an-employer\/","name":"Employees abroad: your obligations as an employer - Effisca","isPartOf":{"@id":"https:\/\/www.effisca.com\/en\/#website"},"primaryImageOfPage":{"@id":"https:\/\/www.effisca.com\/en\/employees-abroad-your-obligations-as-an-employer\/#primaryimage"},"image":{"@id":"https:\/\/www.effisca.com\/en\/employees-abroad-your-obligations-as-an-employer\/#primaryimage"},"thumbnailUrl":"https:\/\/www.effisca.com\/wp-content\/uploads\/2021\/05\/tobias-dKly-iFzZIc-unsplash-scaled.jpg","datePublished":"2021-05-14T11:53:00+00:00","dateModified":"2021-11-08T20:20:40+00:00","description":"Companies wishing to deploy employees abroad must take into account several tax and social issues. It can quickly become a real headache.","breadcrumb":{"@id":"https:\/\/www.effisca.com\/en\/employees-abroad-your-obligations-as-an-employer\/#breadcrumb"},"inLanguage":"en-US","potentialAction":[{"@type":"ReadAction","target":["https:\/\/www.effisca.com\/en\/employees-abroad-your-obligations-as-an-employer\/"]}]},{"@type":"ImageObject","inLanguage":"en-US","@id":"https:\/\/www.effisca.com\/en\/employees-abroad-your-obligations-as-an-employer\/#primaryimage","url":"https:\/\/www.effisca.com\/wp-content\/uploads\/2021\/05\/tobias-dKly-iFzZIc-unsplash-scaled.jpg","contentUrl":"https:\/\/www.effisca.com\/wp-content\/uploads\/2021\/05\/tobias-dKly-iFzZIc-unsplash-scaled.jpg","width":2560,"height":1707},{"@type":"BreadcrumbList","@id":"https:\/\/www.effisca.com\/en\/employees-abroad-your-obligations-as-an-employer\/#breadcrumb","itemListElement":[{"@type":"ListItem","position":1,"name":"Accueil","item":"https:\/\/www.effisca.com\/en\/"},{"@type":"ListItem","position":2,"name":"Employees abroad: your obligations as an employer"}]},{"@type":"WebSite","@id":"https:\/\/www.effisca.com\/en\/#website","url":"https:\/\/www.effisca.com\/en\/","name":"Effisca","description":"Tax firm specializing in Canadian, US and international tax","publisher":{"@id":"https:\/\/www.effisca.com\/en\/#organization"},"potentialAction":[{"@type":"SearchAction","target":{"@type":"EntryPoint","urlTemplate":"https:\/\/www.effisca.com\/en\/?s={search_term_string}"},"query-input":{"@type":"PropertyValueSpecification","valueRequired":true,"valueName":"search_term_string"}}],"inLanguage":"en-US"},{"@type":"Organization","@id":"https:\/\/www.effisca.com\/en\/#organization","name":"Effisca","url":"https:\/\/www.effisca.com\/en\/","logo":{"@type":"ImageObject","inLanguage":"en-US","@id":"https:\/\/www.effisca.com\/en\/#\/schema\/logo\/image\/","url":"https:\/\/www.effisca.com\/wp-content\/uploads\/2021\/01\/effisca-logo-1.png","contentUrl":"https:\/\/www.effisca.com\/wp-content\/uploads\/2021\/01\/effisca-logo-1.png","width":1200,"height":355,"caption":"Effisca"},"image":{"@id":"https:\/\/www.effisca.com\/en\/#\/schema\/logo\/image\/"},"sameAs":["https:\/\/www.facebook.com\/effisca","https:\/\/www.linkedin.com\/company\/effisca\/"]},{"@type":"Person","@id":"https:\/\/www.effisca.com\/en\/#\/schema\/person\/e11b9c88497db66b9e92ec28b6bb2d75","name":"\u00c9ric Jobidon, fiscaliste, B.A.A., D. Fisc.","image":{"@type":"ImageObject","inLanguage":"en-US","@id":"https:\/\/www.effisca.com\/wp-content\/litespeed\/avatar\/4550a64fbd5b362a148ce57d695b65df.jpg?ver=1777413383","url":"https:\/\/www.effisca.com\/wp-content\/litespeed\/avatar\/4550a64fbd5b362a148ce57d695b65df.jpg?ver=1777413383","contentUrl":"https:\/\/www.effisca.com\/wp-content\/litespeed\/avatar\/4550a64fbd5b362a148ce57d695b65df.jpg?ver=1777413383","caption":"\u00c9ric Jobidon, fiscaliste, B.A.A., D. Fisc."},"description":"Titulaire d\u2019un baccalaur\u00e9at en administration des affaires (B.A.A.) et d\u2019un dipl\u00f4me d\u2019\u00e9tudes sup\u00e9rieures en fiscalit\u00e9 (D. Fisc) de l\u2019Universit\u00e9 Laval, \u00c9ric poss\u00e8de plus de 15 ans d\u2019exp\u00e9rience en fiscalit\u00e9 des expatri\u00e9s. Au cours de sa carri\u00e8re, il a pu parfaire ses connaissances dans le domaine fiscal en travaillant en entreprise ainsi que dans de grands cabinets comptables. Avec ses connaissances approfondies de la fiscalit\u00e9 canadienne et am\u00e9ricaine des particuliers, \u00c9ric aide ses clients \u00e0 maximiser leur situation fiscale. Son expertise dans l\u2019analyse de conventions fiscales et d\u2019ententes de s\u00e9curit\u00e9 sociales lui permet en outre de les conseiller dans la structure \u00e0 utiliser pour leurs employ\u00e9s d\u00e9tach\u00e9s \u00e0 l\u2019\u00e9tranger.","url":"https:\/\/www.effisca.com\/en\/author\/eric-jobidon\/"}]}},"_links":{"self":[{"href":"https:\/\/www.effisca.com\/en\/wp-json\/wp\/v2\/posts\/6618","targetHints":{"allow":["GET"]}}],"collection":[{"href":"https:\/\/www.effisca.com\/en\/wp-json\/wp\/v2\/posts"}],"about":[{"href":"https:\/\/www.effisca.com\/en\/wp-json\/wp\/v2\/types\/post"}],"author":[{"embeddable":true,"href":"https:\/\/www.effisca.com\/en\/wp-json\/wp\/v2\/users\/9"}],"replies":[{"embeddable":true,"href":"https:\/\/www.effisca.com\/en\/wp-json\/wp\/v2\/comments?post=6618"}],"version-history":[{"count":3,"href":"https:\/\/www.effisca.com\/en\/wp-json\/wp\/v2\/posts\/6618\/revisions"}],"predecessor-version":[{"id":6714,"href":"https:\/\/www.effisca.com\/en\/wp-json\/wp\/v2\/posts\/6618\/revisions\/6714"}],"wp:featuredmedia":[{"embeddable":true,"href":"https:\/\/www.effisca.com\/en\/wp-json\/wp\/v2\/media\/7611"}],"wp:attachment":[{"href":"https:\/\/www.effisca.com\/en\/wp-json\/wp\/v2\/media?parent=6618"}],"wp:term":[{"taxonomy":"category","embeddable":true,"href":"https:\/\/www.effisca.com\/en\/wp-json\/wp\/v2\/categories?post=6618"},{"taxonomy":"post_tag","embeddable":true,"href":"https:\/\/www.effisca.com\/en\/wp-json\/wp\/v2\/tags?post=6618"}],"curies":[{"name":"wp","href":"https:\/\/api.w.org\/{rel}","templated":true}]}}