{"id":6321,"date":"2021-02-16T08:46:00","date_gmt":"2021-02-16T13:46:00","guid":{"rendered":"https:\/\/www.effisca.com\/?p=6321"},"modified":"2021-05-03T09:35:23","modified_gmt":"2021-05-03T13:35:23","slug":"transferring-a-401-k-or-ira-to-canada-how-does-it-work","status":"publish","type":"post","link":"https:\/\/www.effisca.com\/en\/transferring-a-401-k-or-ira-to-canada-how-does-it-work\/","title":{"rendered":"Transferring a 401 (k) or IRA to Canada: How does it work?"},"content":{"rendered":"\n<p>Have you ever worked in the United States and contributed to a 401 (k) retirement plan or an individual retirement account (IRA) and do not want these amounts to stay in the United States? Note that you can repatriate them to Canada, generally without immediate Canadian tax consequences, by transferring them to your RRSP. If you have instead contributed to a Roth IRA, which is a plan similar to the Tax-Free Savings Account (TFSA), a tax election may be made when you return to Canada.&nbsp;<\/p>\n\n\n\n<h2 class=\"wp-block-heading\"><strong>Tax compliance<\/strong><\/h2>\n\n\n\n<p>First, if the repatriation occurs before the age of 59 and a half, you will be subject to a penalty of 10% on the value of the withdrawal. Although there are usually no immediate tax consequences in Canada, the withdrawal will still need to be added to your income, but you will normally benefit from an equivalent RRSP deduction since this withdrawal will generally not affect your rights to unused contribution. Please note that your RRSP contribution must be made on time, at the latest within the first 60 days of the year following the transfer.<\/p>\n\n\n\n<p>Also, withdrawal from your 401 (k) plan or IRA will be taxable in the United States on your US income tax return (for US citizens or permanent residents) or through a withholding tax (for non-residents) of 30%, which could be reduced to 15% if the withdrawal is considered to be periodic annuity benefits, according to the tax treaty between Canada and the United States.<\/p>\n\n\n\n<h2 class=\"wp-block-heading\"><strong>Foreign tax credit<\/strong><\/h2>\n\n\n\n<p>Since the withdrawal will be taxable in the United States, a foreign tax credit will be allowable in Canada for tax payable in the United States. In addition, since 2011, the Canada Revenue Agency has admitted as a foreign tax credit the 10% penalty on withdrawals made before age 59 and a half.<\/p>\n\n\n\n<p>But be careful, it is essential to calculate whether the American foreign taxes will be well absorbed in the Canadian declaration, otherwise there will be double taxation! It will be possible to plan withdrawals over two years or more, depending on the size of the 401 (k) plan and the tax situation in Canada. These calculations must obviously be made before proceeding with withdrawals. Our team will be happy to help you with these calculations.<\/p>\n\n\n\n<p>This text only covers some of the things to consider when repatriating from a 401 (k) plan or IRA. For more information, we would like you to make an appointment with one of our tax experts specializing in international tax. We have the expertise to help you repatriate your 401k or IRA and we will make sure that the planning is done properly!&nbsp;<\/p>\n","protected":false},"excerpt":{"rendered":"<p>Have you contributed to a 401 (k) pension plan or to an Individual Retirement Account (IRA) and do not want these amounts to stay in the United States? Here are your options.<\/p>\n","protected":false},"author":5,"featured_media":6318,"comment_status":"closed","ping_status":"closed","sticky":false,"template":"","format":"standard","meta":{"_acf_changed":false,"inline_featured_image":false,"footnotes":""},"categories":[52],"tags":[257,364,41,47,203],"class_list":["post-6321","post","type-post","status-publish","format-standard","has-post-thumbnail","hentry","category-american-citizen-living-in-canada","tag-fiscalite-en","tag-american-taxation","tag-individual","tag-foreign-tax","tag-pension-plan-en"],"acf":[],"yoast_head":"<!-- This site is optimized with the Yoast SEO plugin v27.5 - https:\/\/yoast.com\/product\/yoast-seo-wordpress\/ -->\n<title>Transferring a 401 (k) or IRA to Canada: How does it work? - Effisca<\/title>\n<meta name=\"description\" content=\"Have you contributed to a 401 (k) pension plan or to an IRA and don&#039;t want these amounts to stay in the United States? Here are your options.\" \/>\n<meta name=\"robots\" content=\"index, follow, max-snippet:-1, max-image-preview:large, max-video-preview:-1\" \/>\n<link rel=\"canonical\" href=\"https:\/\/www.effisca.com\/en\/transferring-a-401-k-or-ira-to-canada-how-does-it-work\/\" \/>\n<meta property=\"og:locale\" content=\"en_US\" \/>\n<meta property=\"og:type\" content=\"article\" \/>\n<meta property=\"og:title\" content=\"Transferring a 401 (k) or IRA to Canada: How does it work? - Effisca\" \/>\n<meta property=\"og:description\" content=\"Have you contributed to a 401 (k) pension plan or to an IRA and don&#039;t want these amounts to stay in the United States? Here are your options.\" \/>\n<meta property=\"og:url\" content=\"https:\/\/www.effisca.com\/en\/transferring-a-401-k-or-ira-to-canada-how-does-it-work\/\" \/>\n<meta property=\"og:site_name\" content=\"Effisca\" \/>\n<meta property=\"article:publisher\" content=\"https:\/\/www.facebook.com\/effisca\" \/>\n<meta property=\"article:published_time\" content=\"2021-02-16T13:46:00+00:00\" \/>\n<meta property=\"article:modified_time\" content=\"2021-05-03T13:35:23+00:00\" \/>\n<meta property=\"og:image\" content=\"https:\/\/www.effisca.com\/wp-content\/uploads\/2021\/04\/transfert-401k-ira-canada-effisca-tax.jpg\" \/>\n\t<meta property=\"og:image:width\" content=\"1920\" \/>\n\t<meta property=\"og:image:height\" content=\"1280\" \/>\n\t<meta property=\"og:image:type\" content=\"image\/jpeg\" \/>\n<meta name=\"author\" content=\"Olivier Custeau, Fiscaliste, B.A.A., M. Fisc., EA\" \/>\n<meta name=\"twitter:card\" content=\"summary_large_image\" \/>\n<meta name=\"twitter:label1\" content=\"Written by\" \/>\n\t<meta name=\"twitter:data1\" content=\"Olivier Custeau, tax expert, B.A.A., M. Fisc., EA\" \/>\n\t<meta name=\"twitter:label2\" content=\"Est. reading time\" \/>\n\t<meta name=\"twitter:data2\" content=\"2 minutes\" \/>\n<script type=\"application\/ld+json\" class=\"yoast-schema-graph\">{\"@context\":\"https:\\\/\\\/schema.org\",\"@graph\":[{\"@type\":\"Article\",\"@id\":\"https:\\\/\\\/www.effisca.com\\\/en\\\/transferring-a-401-k-or-ira-to-canada-how-does-it-work\\\/#article\",\"isPartOf\":{\"@id\":\"https:\\\/\\\/www.effisca.com\\\/en\\\/transferring-a-401-k-or-ira-to-canada-how-does-it-work\\\/\"},\"author\":{\"name\":\"Olivier Custeau, Fiscaliste, B.A.A., M. Fisc., EA\",\"@id\":\"https:\\\/\\\/www.effisca.com\\\/en\\\/#\\\/schema\\\/person\\\/13d86d0788abc4808425f9f21115c887\"},\"headline\":\"Transferring a 401 (k) or IRA to Canada: How does it work?\",\"datePublished\":\"2021-02-16T13:46:00+00:00\",\"dateModified\":\"2021-05-03T13:35:23+00:00\",\"mainEntityOfPage\":{\"@id\":\"https:\\\/\\\/www.effisca.com\\\/en\\\/transferring-a-401-k-or-ira-to-canada-how-does-it-work\\\/\"},\"wordCount\":442,\"publisher\":{\"@id\":\"https:\\\/\\\/www.effisca.com\\\/en\\\/#organization\"},\"image\":{\"@id\":\"https:\\\/\\\/www.effisca.com\\\/en\\\/transferring-a-401-k-or-ira-to-canada-how-does-it-work\\\/#primaryimage\"},\"thumbnailUrl\":\"https:\\\/\\\/www.effisca.com\\\/wp-content\\\/uploads\\\/2021\\\/04\\\/transfert-401k-ira-canada-effisca-tax.jpg\",\"keywords\":[\"fiscalit\u00e9\",\"american taxation\",\"individual\",\"foreign tax\",\"pension plan\"],\"articleSection\":[\"American citizen living in Canada\"],\"inLanguage\":\"en-US\"},{\"@type\":\"WebPage\",\"@id\":\"https:\\\/\\\/www.effisca.com\\\/en\\\/transferring-a-401-k-or-ira-to-canada-how-does-it-work\\\/\",\"url\":\"https:\\\/\\\/www.effisca.com\\\/en\\\/transferring-a-401-k-or-ira-to-canada-how-does-it-work\\\/\",\"name\":\"Transferring a 401 (k) or IRA to Canada: How does it work? - Effisca\",\"isPartOf\":{\"@id\":\"https:\\\/\\\/www.effisca.com\\\/en\\\/#website\"},\"primaryImageOfPage\":{\"@id\":\"https:\\\/\\\/www.effisca.com\\\/en\\\/transferring-a-401-k-or-ira-to-canada-how-does-it-work\\\/#primaryimage\"},\"image\":{\"@id\":\"https:\\\/\\\/www.effisca.com\\\/en\\\/transferring-a-401-k-or-ira-to-canada-how-does-it-work\\\/#primaryimage\"},\"thumbnailUrl\":\"https:\\\/\\\/www.effisca.com\\\/wp-content\\\/uploads\\\/2021\\\/04\\\/transfert-401k-ira-canada-effisca-tax.jpg\",\"datePublished\":\"2021-02-16T13:46:00+00:00\",\"dateModified\":\"2021-05-03T13:35:23+00:00\",\"description\":\"Have you contributed to a 401 (k) pension plan or to an IRA and don't want these amounts to stay in the United States? Here are your options.\",\"breadcrumb\":{\"@id\":\"https:\\\/\\\/www.effisca.com\\\/en\\\/transferring-a-401-k-or-ira-to-canada-how-does-it-work\\\/#breadcrumb\"},\"inLanguage\":\"en-US\",\"potentialAction\":[{\"@type\":\"ReadAction\",\"target\":[\"https:\\\/\\\/www.effisca.com\\\/en\\\/transferring-a-401-k-or-ira-to-canada-how-does-it-work\\\/\"]}]},{\"@type\":\"ImageObject\",\"inLanguage\":\"en-US\",\"@id\":\"https:\\\/\\\/www.effisca.com\\\/en\\\/transferring-a-401-k-or-ira-to-canada-how-does-it-work\\\/#primaryimage\",\"url\":\"https:\\\/\\\/www.effisca.com\\\/wp-content\\\/uploads\\\/2021\\\/04\\\/transfert-401k-ira-canada-effisca-tax.jpg\",\"contentUrl\":\"https:\\\/\\\/www.effisca.com\\\/wp-content\\\/uploads\\\/2021\\\/04\\\/transfert-401k-ira-canada-effisca-tax.jpg\",\"width\":1920,\"height\":1280},{\"@type\":\"BreadcrumbList\",\"@id\":\"https:\\\/\\\/www.effisca.com\\\/en\\\/transferring-a-401-k-or-ira-to-canada-how-does-it-work\\\/#breadcrumb\",\"itemListElement\":[{\"@type\":\"ListItem\",\"position\":1,\"name\":\"Accueil\",\"item\":\"https:\\\/\\\/www.effisca.com\\\/en\\\/\"},{\"@type\":\"ListItem\",\"position\":2,\"name\":\"Transferring a 401 (k) or IRA to Canada: How does it work?\"}]},{\"@type\":\"WebSite\",\"@id\":\"https:\\\/\\\/www.effisca.com\\\/en\\\/#website\",\"url\":\"https:\\\/\\\/www.effisca.com\\\/en\\\/\",\"name\":\"Effisca\",\"description\":\"Tax firm specializing in Canadian, US and international tax\",\"publisher\":{\"@id\":\"https:\\\/\\\/www.effisca.com\\\/en\\\/#organization\"},\"potentialAction\":[{\"@type\":\"SearchAction\",\"target\":{\"@type\":\"EntryPoint\",\"urlTemplate\":\"https:\\\/\\\/www.effisca.com\\\/en\\\/?s={search_term_string}\"},\"query-input\":{\"@type\":\"PropertyValueSpecification\",\"valueRequired\":true,\"valueName\":\"search_term_string\"}}],\"inLanguage\":\"en-US\"},{\"@type\":\"Organization\",\"@id\":\"https:\\\/\\\/www.effisca.com\\\/en\\\/#organization\",\"name\":\"Effisca\",\"url\":\"https:\\\/\\\/www.effisca.com\\\/en\\\/\",\"logo\":{\"@type\":\"ImageObject\",\"inLanguage\":\"en-US\",\"@id\":\"https:\\\/\\\/www.effisca.com\\\/en\\\/#\\\/schema\\\/logo\\\/image\\\/\",\"url\":\"https:\\\/\\\/www.effisca.com\\\/wp-content\\\/uploads\\\/2021\\\/01\\\/effisca-logo-1.png\",\"contentUrl\":\"https:\\\/\\\/www.effisca.com\\\/wp-content\\\/uploads\\\/2021\\\/01\\\/effisca-logo-1.png\",\"width\":1200,\"height\":355,\"caption\":\"Effisca\"},\"image\":{\"@id\":\"https:\\\/\\\/www.effisca.com\\\/en\\\/#\\\/schema\\\/logo\\\/image\\\/\"},\"sameAs\":[\"https:\\\/\\\/www.facebook.com\\\/effisca\",\"https:\\\/\\\/www.linkedin.com\\\/company\\\/effisca\\\/\"]},{\"@type\":\"Person\",\"@id\":\"https:\\\/\\\/www.effisca.com\\\/en\\\/#\\\/schema\\\/person\\\/13d86d0788abc4808425f9f21115c887\",\"name\":\"Olivier Custeau, Fiscaliste, B.A.A., M. Fisc., EA\",\"image\":{\"@type\":\"ImageObject\",\"inLanguage\":\"en-US\",\"@id\":\"https:\\\/\\\/www.effisca.com\\\/wp-content\\\/litespeed\\\/avatar\\\/cafaaeca2d221a4dd49ba965325bb350.jpg?ver=1777405239\",\"url\":\"https:\\\/\\\/www.effisca.com\\\/wp-content\\\/litespeed\\\/avatar\\\/cafaaeca2d221a4dd49ba965325bb350.jpg?ver=1777405239\",\"contentUrl\":\"https:\\\/\\\/www.effisca.com\\\/wp-content\\\/litespeed\\\/avatar\\\/cafaaeca2d221a4dd49ba965325bb350.jpg?ver=1777405239\",\"caption\":\"Olivier Custeau, Fiscaliste, B.A.A., M. Fisc., EA\"},\"description\":\"D\u00e9tenteur d\u2019un baccalaur\u00e9at en administration des affaires (B.A.A.) de l\u2019Universit\u00e9 Laval et d\u2019une ma\u00eetrise en fiscalit\u00e9 (M. Fisc.) de l\u2019Universit\u00e9 de Sherbrooke, Olivier a d\u00e9velopp\u00e9 une expertise en fiscalit\u00e9 am\u00e9ricaine et internationale en travaillant au sein d\u2019un cabinet renomm\u00e9. Au fil des ans, il a d\u00e9velopp\u00e9 un int\u00e9r\u00eat marqu\u00e9 pour la fiscalit\u00e9 am\u00e9ricaine. D\u2019ailleurs, il a obtenu 2019 le statut de Enrolled Agent, soit le plus haut niveau qu\u2019un professionnel peut atteindre pour repr\u00e9senter ses clients aupr\u00e8s de l\u2019Internal Revenue Service (IRS). Reconnu pour son approche rigoureuse, dynamique et humaine, Olivier est un atout pour l\u2019\u00e9quipe.\",\"url\":\"https:\\\/\\\/www.effisca.com\\\/en\\\/author\\\/olivier-custeau\\\/\"}]}<\/script>\n<!-- \/ Yoast SEO plugin. -->","yoast_head_json":{"title":"Transferring a 401 (k) or IRA to Canada: How does it work? - Effisca","description":"Have you contributed to a 401 (k) pension plan or to an IRA and don't want these amounts to stay in the United States? Here are your options.","robots":{"index":"index","follow":"follow","max-snippet":"max-snippet:-1","max-image-preview":"max-image-preview:large","max-video-preview":"max-video-preview:-1"},"canonical":"https:\/\/www.effisca.com\/en\/transferring-a-401-k-or-ira-to-canada-how-does-it-work\/","og_locale":"en_US","og_type":"article","og_title":"Transferring a 401 (k) or IRA to Canada: How does it work? - Effisca","og_description":"Have you contributed to a 401 (k) pension plan or to an IRA and don't want these amounts to stay in the United States? Here are your options.","og_url":"https:\/\/www.effisca.com\/en\/transferring-a-401-k-or-ira-to-canada-how-does-it-work\/","og_site_name":"Effisca","article_publisher":"https:\/\/www.facebook.com\/effisca","article_published_time":"2021-02-16T13:46:00+00:00","article_modified_time":"2021-05-03T13:35:23+00:00","og_image":[{"width":1920,"height":1280,"url":"https:\/\/www.effisca.com\/wp-content\/uploads\/2021\/04\/transfert-401k-ira-canada-effisca-tax.jpg","type":"image\/jpeg"}],"author":"Olivier Custeau, Fiscaliste, B.A.A., M. Fisc., EA","twitter_card":"summary_large_image","twitter_misc":{"Written by":"Olivier Custeau, tax expert, B.A.A., M. Fisc., EA","Est. reading time":"2 minutes"},"schema":{"@context":"https:\/\/schema.org","@graph":[{"@type":"Article","@id":"https:\/\/www.effisca.com\/en\/transferring-a-401-k-or-ira-to-canada-how-does-it-work\/#article","isPartOf":{"@id":"https:\/\/www.effisca.com\/en\/transferring-a-401-k-or-ira-to-canada-how-does-it-work\/"},"author":{"name":"Olivier Custeau, Fiscaliste, B.A.A., M. Fisc., EA","@id":"https:\/\/www.effisca.com\/en\/#\/schema\/person\/13d86d0788abc4808425f9f21115c887"},"headline":"Transferring a 401 (k) or IRA to Canada: How does it work?","datePublished":"2021-02-16T13:46:00+00:00","dateModified":"2021-05-03T13:35:23+00:00","mainEntityOfPage":{"@id":"https:\/\/www.effisca.com\/en\/transferring-a-401-k-or-ira-to-canada-how-does-it-work\/"},"wordCount":442,"publisher":{"@id":"https:\/\/www.effisca.com\/en\/#organization"},"image":{"@id":"https:\/\/www.effisca.com\/en\/transferring-a-401-k-or-ira-to-canada-how-does-it-work\/#primaryimage"},"thumbnailUrl":"https:\/\/www.effisca.com\/wp-content\/uploads\/2021\/04\/transfert-401k-ira-canada-effisca-tax.jpg","keywords":["fiscalit\u00e9","american taxation","individual","foreign tax","pension plan"],"articleSection":["American citizen living in Canada"],"inLanguage":"en-US"},{"@type":"WebPage","@id":"https:\/\/www.effisca.com\/en\/transferring-a-401-k-or-ira-to-canada-how-does-it-work\/","url":"https:\/\/www.effisca.com\/en\/transferring-a-401-k-or-ira-to-canada-how-does-it-work\/","name":"Transferring a 401 (k) or IRA to Canada: How does it work? - Effisca","isPartOf":{"@id":"https:\/\/www.effisca.com\/en\/#website"},"primaryImageOfPage":{"@id":"https:\/\/www.effisca.com\/en\/transferring-a-401-k-or-ira-to-canada-how-does-it-work\/#primaryimage"},"image":{"@id":"https:\/\/www.effisca.com\/en\/transferring-a-401-k-or-ira-to-canada-how-does-it-work\/#primaryimage"},"thumbnailUrl":"https:\/\/www.effisca.com\/wp-content\/uploads\/2021\/04\/transfert-401k-ira-canada-effisca-tax.jpg","datePublished":"2021-02-16T13:46:00+00:00","dateModified":"2021-05-03T13:35:23+00:00","description":"Have you contributed to a 401 (k) pension plan or to an IRA and don't want these amounts to stay in the United States? Here are your options.","breadcrumb":{"@id":"https:\/\/www.effisca.com\/en\/transferring-a-401-k-or-ira-to-canada-how-does-it-work\/#breadcrumb"},"inLanguage":"en-US","potentialAction":[{"@type":"ReadAction","target":["https:\/\/www.effisca.com\/en\/transferring-a-401-k-or-ira-to-canada-how-does-it-work\/"]}]},{"@type":"ImageObject","inLanguage":"en-US","@id":"https:\/\/www.effisca.com\/en\/transferring-a-401-k-or-ira-to-canada-how-does-it-work\/#primaryimage","url":"https:\/\/www.effisca.com\/wp-content\/uploads\/2021\/04\/transfert-401k-ira-canada-effisca-tax.jpg","contentUrl":"https:\/\/www.effisca.com\/wp-content\/uploads\/2021\/04\/transfert-401k-ira-canada-effisca-tax.jpg","width":1920,"height":1280},{"@type":"BreadcrumbList","@id":"https:\/\/www.effisca.com\/en\/transferring-a-401-k-or-ira-to-canada-how-does-it-work\/#breadcrumb","itemListElement":[{"@type":"ListItem","position":1,"name":"Accueil","item":"https:\/\/www.effisca.com\/en\/"},{"@type":"ListItem","position":2,"name":"Transferring a 401 (k) or IRA to Canada: How does it work?"}]},{"@type":"WebSite","@id":"https:\/\/www.effisca.com\/en\/#website","url":"https:\/\/www.effisca.com\/en\/","name":"Effisca","description":"Tax firm specializing in Canadian, US and international tax","publisher":{"@id":"https:\/\/www.effisca.com\/en\/#organization"},"potentialAction":[{"@type":"SearchAction","target":{"@type":"EntryPoint","urlTemplate":"https:\/\/www.effisca.com\/en\/?s={search_term_string}"},"query-input":{"@type":"PropertyValueSpecification","valueRequired":true,"valueName":"search_term_string"}}],"inLanguage":"en-US"},{"@type":"Organization","@id":"https:\/\/www.effisca.com\/en\/#organization","name":"Effisca","url":"https:\/\/www.effisca.com\/en\/","logo":{"@type":"ImageObject","inLanguage":"en-US","@id":"https:\/\/www.effisca.com\/en\/#\/schema\/logo\/image\/","url":"https:\/\/www.effisca.com\/wp-content\/uploads\/2021\/01\/effisca-logo-1.png","contentUrl":"https:\/\/www.effisca.com\/wp-content\/uploads\/2021\/01\/effisca-logo-1.png","width":1200,"height":355,"caption":"Effisca"},"image":{"@id":"https:\/\/www.effisca.com\/en\/#\/schema\/logo\/image\/"},"sameAs":["https:\/\/www.facebook.com\/effisca","https:\/\/www.linkedin.com\/company\/effisca\/"]},{"@type":"Person","@id":"https:\/\/www.effisca.com\/en\/#\/schema\/person\/13d86d0788abc4808425f9f21115c887","name":"Olivier Custeau, Fiscaliste, B.A.A., M. Fisc., EA","image":{"@type":"ImageObject","inLanguage":"en-US","@id":"https:\/\/www.effisca.com\/wp-content\/litespeed\/avatar\/cafaaeca2d221a4dd49ba965325bb350.jpg?ver=1777405239","url":"https:\/\/www.effisca.com\/wp-content\/litespeed\/avatar\/cafaaeca2d221a4dd49ba965325bb350.jpg?ver=1777405239","contentUrl":"https:\/\/www.effisca.com\/wp-content\/litespeed\/avatar\/cafaaeca2d221a4dd49ba965325bb350.jpg?ver=1777405239","caption":"Olivier Custeau, Fiscaliste, B.A.A., M. Fisc., EA"},"description":"D\u00e9tenteur d\u2019un baccalaur\u00e9at en administration des affaires (B.A.A.) de l\u2019Universit\u00e9 Laval et d\u2019une ma\u00eetrise en fiscalit\u00e9 (M. Fisc.) de l\u2019Universit\u00e9 de Sherbrooke, Olivier a d\u00e9velopp\u00e9 une expertise en fiscalit\u00e9 am\u00e9ricaine et internationale en travaillant au sein d\u2019un cabinet renomm\u00e9. Au fil des ans, il a d\u00e9velopp\u00e9 un int\u00e9r\u00eat marqu\u00e9 pour la fiscalit\u00e9 am\u00e9ricaine. D\u2019ailleurs, il a obtenu 2019 le statut de Enrolled Agent, soit le plus haut niveau qu\u2019un professionnel peut atteindre pour repr\u00e9senter ses clients aupr\u00e8s de l\u2019Internal Revenue Service (IRS). Reconnu pour son approche rigoureuse, dynamique et humaine, Olivier est un atout pour l\u2019\u00e9quipe.","url":"https:\/\/www.effisca.com\/en\/author\/olivier-custeau\/"}]}},"_links":{"self":[{"href":"https:\/\/www.effisca.com\/en\/wp-json\/wp\/v2\/posts\/6321","targetHints":{"allow":["GET"]}}],"collection":[{"href":"https:\/\/www.effisca.com\/en\/wp-json\/wp\/v2\/posts"}],"about":[{"href":"https:\/\/www.effisca.com\/en\/wp-json\/wp\/v2\/types\/post"}],"author":[{"embeddable":true,"href":"https:\/\/www.effisca.com\/en\/wp-json\/wp\/v2\/users\/5"}],"replies":[{"embeddable":true,"href":"https:\/\/www.effisca.com\/en\/wp-json\/wp\/v2\/comments?post=6321"}],"version-history":[{"count":2,"href":"https:\/\/www.effisca.com\/en\/wp-json\/wp\/v2\/posts\/6321\/revisions"}],"predecessor-version":[{"id":6408,"href":"https:\/\/www.effisca.com\/en\/wp-json\/wp\/v2\/posts\/6321\/revisions\/6408"}],"wp:featuredmedia":[{"embeddable":true,"href":"https:\/\/www.effisca.com\/en\/wp-json\/wp\/v2\/media\/6318"}],"wp:attachment":[{"href":"https:\/\/www.effisca.com\/en\/wp-json\/wp\/v2\/media?parent=6321"}],"wp:term":[{"taxonomy":"category","embeddable":true,"href":"https:\/\/www.effisca.com\/en\/wp-json\/wp\/v2\/categories?post=6321"},{"taxonomy":"post_tag","embeddable":true,"href":"https:\/\/www.effisca.com\/en\/wp-json\/wp\/v2\/tags?post=6321"}],"curies":[{"name":"wp","href":"https:\/\/api.w.org\/{rel}","templated":true}]}}