{"id":6315,"date":"2021-02-23T08:28:00","date_gmt":"2021-02-23T13:28:00","guid":{"rendered":"https:\/\/www.effisca.com\/?p=6315"},"modified":"2021-11-08T16:10:15","modified_gmt":"2021-11-08T21:10:15","slug":"owning-a-roth-ira-in-canada-the-impacts","status":"publish","type":"post","link":"https:\/\/www.effisca.com\/en\/owning-a-roth-ira-in-canada-the-impacts\/","title":{"rendered":"Owning a Roth-IRA in Canada: the impacts"},"content":{"rendered":"\n<p>If you have worked in the United States for several years and have contributed to a Roth IRA, it is important to understand the impacts of holding a Roth IRA as a non-resident of the United States for tax purposes. In practice, the Roth IRA works similar to the Tax Free Savings Account (TFSA): the contributions do not give the right to a deduction in your US tax return, but the income accumulated inside the Roth IRA are tax free in the United States. Likewise, withdrawals can be made without US tax consequences.<\/p>\n\n\n\n<p>Unlike the 401 (k) plan and the Individual Retirement Account (IRA), the Roth IRA cannot be transferred to your RRSP. In addition, as a tax resident of Canada, although income generated inside the Roth IRA is exempt from US tax, it remains fully taxable annually in Canada if no election is made.<\/p>\n\n\n\n<h2 class=\"wp-block-heading\"><strong>Choice available<\/strong><\/h2>\n\n\n\n<p>The tax treaty between Canada and the United States allows you to make a one-time choice when you return to Canada to defer annually the taxation of income generated inside your Roth IRA. The choice &#8211; in the form of a letter &#8211; must be made no later than April 30 of the year following your return (therefore no later than April 30, 2021 for a return made in 2020). However, specific conditions must be met in order for this choice to be considered valid, including not having made a contribution to your Roth IRA as a resident of Canada. Otherwise, a portion of the selection could be disqualified.<\/p>\n\n\n\n<p>If you returned to Canada in a previous year and did not make this election, a late election could potentially be made, but additional analysis would be required. Also, if the election was not made or is partially disqualified, your Roth IRA may need to be reported on Form T1135.<\/p>\n\n\n\n<p>If you have moved to Canada and have a Roth IRA, make an appointment with one of our tax experts specializing in international tax. We have the expertise to ensure that the choice for your Roth IRA is optimal and that it is made properly, in the form prescribed by the tax authorities.<\/p>\n","protected":false},"excerpt":{"rendered":"<p>If you&#8217;ve worked in the United States and contributed to a Roth IRA, this short article will help you understand the impacts of owning a Roth IRA in Canada.<\/p>\n","protected":false},"author":5,"featured_media":7637,"comment_status":"closed","ping_status":"closed","sticky":false,"template":"","format":"standard","meta":{"_acf_changed":false,"inline_featured_image":false,"footnotes":""},"categories":[52],"tags":[41,203,257,364],"class_list":["post-6315","post","type-post","status-publish","format-standard","has-post-thumbnail","hentry","category-american-citizen-living-in-canada","tag-individual","tag-pension-plan-en","tag-fiscalite-en","tag-american-taxation"],"acf":[],"yoast_head":"<!-- This site is optimized with the Yoast SEO plugin v27.5 - https:\/\/yoast.com\/product\/yoast-seo-wordpress\/ -->\n<title>Owning a Roth-IRA in Canada: the impacts - Effisca<\/title>\n<meta name=\"description\" content=\"If you&#039;ve worked in the United States and contributed to a Roth IRA, this short article will help you understand the impacts of owning a Roth IRA in Canada.\" \/>\n<meta name=\"robots\" content=\"index, follow, max-snippet:-1, max-image-preview:large, max-video-preview:-1\" \/>\n<link rel=\"canonical\" href=\"https:\/\/www.effisca.com\/en\/owning-a-roth-ira-in-canada-the-impacts\/\" \/>\n<meta property=\"og:locale\" content=\"en_US\" \/>\n<meta property=\"og:type\" content=\"article\" \/>\n<meta property=\"og:title\" content=\"Owning a Roth-IRA in Canada: the impacts - Effisca\" \/>\n<meta property=\"og:description\" content=\"If you&#039;ve worked in the United States and contributed to a Roth IRA, this short article will help you understand the impacts of owning a Roth IRA in Canada.\" \/>\n<meta property=\"og:url\" content=\"https:\/\/www.effisca.com\/en\/owning-a-roth-ira-in-canada-the-impacts\/\" \/>\n<meta property=\"og:site_name\" content=\"Effisca\" \/>\n<meta property=\"article:publisher\" content=\"https:\/\/www.facebook.com\/effisca\" \/>\n<meta property=\"article:published_time\" content=\"2021-02-23T13:28:00+00:00\" \/>\n<meta property=\"article:modified_time\" content=\"2021-11-08T21:10:15+00:00\" \/>\n<meta property=\"og:image\" content=\"https:\/\/www.effisca.com\/wp-content\/uploads\/2021\/02\/tyler-farmer-PHf5zoX4BHM-unsplash-scaled.jpg\" \/>\n\t<meta property=\"og:image:width\" content=\"2560\" \/>\n\t<meta property=\"og:image:height\" content=\"1707\" \/>\n\t<meta property=\"og:image:type\" content=\"image\/jpeg\" \/>\n<meta name=\"author\" content=\"Olivier Custeau, Fiscaliste, B.A.A., M. Fisc., EA\" \/>\n<meta name=\"twitter:card\" content=\"summary_large_image\" \/>\n<meta name=\"twitter:label1\" content=\"Written by\" \/>\n\t<meta name=\"twitter:data1\" content=\"Olivier Custeau, tax expert, B.A.A., M. Fisc., EA\" \/>\n\t<meta name=\"twitter:label2\" content=\"Est. reading time\" \/>\n\t<meta name=\"twitter:data2\" content=\"2 minutes\" \/>\n<script type=\"application\/ld+json\" class=\"yoast-schema-graph\">{\"@context\":\"https:\\\/\\\/schema.org\",\"@graph\":[{\"@type\":\"Article\",\"@id\":\"https:\\\/\\\/www.effisca.com\\\/en\\\/owning-a-roth-ira-in-canada-the-impacts\\\/#article\",\"isPartOf\":{\"@id\":\"https:\\\/\\\/www.effisca.com\\\/en\\\/owning-a-roth-ira-in-canada-the-impacts\\\/\"},\"author\":{\"name\":\"Olivier Custeau, Fiscaliste, B.A.A., M. Fisc., EA\",\"@id\":\"https:\\\/\\\/www.effisca.com\\\/en\\\/#\\\/schema\\\/person\\\/13d86d0788abc4808425f9f21115c887\"},\"headline\":\"Owning a Roth-IRA in Canada: the impacts\",\"datePublished\":\"2021-02-23T13:28:00+00:00\",\"dateModified\":\"2021-11-08T21:10:15+00:00\",\"mainEntityOfPage\":{\"@id\":\"https:\\\/\\\/www.effisca.com\\\/en\\\/owning-a-roth-ira-in-canada-the-impacts\\\/\"},\"wordCount\":361,\"publisher\":{\"@id\":\"https:\\\/\\\/www.effisca.com\\\/en\\\/#organization\"},\"image\":{\"@id\":\"https:\\\/\\\/www.effisca.com\\\/en\\\/owning-a-roth-ira-in-canada-the-impacts\\\/#primaryimage\"},\"thumbnailUrl\":\"https:\\\/\\\/www.effisca.com\\\/wp-content\\\/uploads\\\/2021\\\/02\\\/tyler-farmer-PHf5zoX4BHM-unsplash-scaled.jpg\",\"keywords\":[\"individual\",\"pension plan\",\"fiscalit\u00e9\",\"american taxation\"],\"articleSection\":[\"American citizen living in Canada\"],\"inLanguage\":\"en-US\"},{\"@type\":\"WebPage\",\"@id\":\"https:\\\/\\\/www.effisca.com\\\/en\\\/owning-a-roth-ira-in-canada-the-impacts\\\/\",\"url\":\"https:\\\/\\\/www.effisca.com\\\/en\\\/owning-a-roth-ira-in-canada-the-impacts\\\/\",\"name\":\"Owning a Roth-IRA in Canada: the impacts - Effisca\",\"isPartOf\":{\"@id\":\"https:\\\/\\\/www.effisca.com\\\/en\\\/#website\"},\"primaryImageOfPage\":{\"@id\":\"https:\\\/\\\/www.effisca.com\\\/en\\\/owning-a-roth-ira-in-canada-the-impacts\\\/#primaryimage\"},\"image\":{\"@id\":\"https:\\\/\\\/www.effisca.com\\\/en\\\/owning-a-roth-ira-in-canada-the-impacts\\\/#primaryimage\"},\"thumbnailUrl\":\"https:\\\/\\\/www.effisca.com\\\/wp-content\\\/uploads\\\/2021\\\/02\\\/tyler-farmer-PHf5zoX4BHM-unsplash-scaled.jpg\",\"datePublished\":\"2021-02-23T13:28:00+00:00\",\"dateModified\":\"2021-11-08T21:10:15+00:00\",\"description\":\"If you've worked in the United States and contributed to a Roth IRA, this short article will help you understand the impacts of owning a Roth IRA in Canada.\",\"breadcrumb\":{\"@id\":\"https:\\\/\\\/www.effisca.com\\\/en\\\/owning-a-roth-ira-in-canada-the-impacts\\\/#breadcrumb\"},\"inLanguage\":\"en-US\",\"potentialAction\":[{\"@type\":\"ReadAction\",\"target\":[\"https:\\\/\\\/www.effisca.com\\\/en\\\/owning-a-roth-ira-in-canada-the-impacts\\\/\"]}]},{\"@type\":\"ImageObject\",\"inLanguage\":\"en-US\",\"@id\":\"https:\\\/\\\/www.effisca.com\\\/en\\\/owning-a-roth-ira-in-canada-the-impacts\\\/#primaryimage\",\"url\":\"https:\\\/\\\/www.effisca.com\\\/wp-content\\\/uploads\\\/2021\\\/02\\\/tyler-farmer-PHf5zoX4BHM-unsplash-scaled.jpg\",\"contentUrl\":\"https:\\\/\\\/www.effisca.com\\\/wp-content\\\/uploads\\\/2021\\\/02\\\/tyler-farmer-PHf5zoX4BHM-unsplash-scaled.jpg\",\"width\":2560,\"height\":1707},{\"@type\":\"BreadcrumbList\",\"@id\":\"https:\\\/\\\/www.effisca.com\\\/en\\\/owning-a-roth-ira-in-canada-the-impacts\\\/#breadcrumb\",\"itemListElement\":[{\"@type\":\"ListItem\",\"position\":1,\"name\":\"Accueil\",\"item\":\"https:\\\/\\\/www.effisca.com\\\/en\\\/\"},{\"@type\":\"ListItem\",\"position\":2,\"name\":\"Owning a Roth-IRA in Canada: the impacts\"}]},{\"@type\":\"WebSite\",\"@id\":\"https:\\\/\\\/www.effisca.com\\\/en\\\/#website\",\"url\":\"https:\\\/\\\/www.effisca.com\\\/en\\\/\",\"name\":\"Effisca\",\"description\":\"Tax firm specializing in Canadian, US and international tax\",\"publisher\":{\"@id\":\"https:\\\/\\\/www.effisca.com\\\/en\\\/#organization\"},\"potentialAction\":[{\"@type\":\"SearchAction\",\"target\":{\"@type\":\"EntryPoint\",\"urlTemplate\":\"https:\\\/\\\/www.effisca.com\\\/en\\\/?s={search_term_string}\"},\"query-input\":{\"@type\":\"PropertyValueSpecification\",\"valueRequired\":true,\"valueName\":\"search_term_string\"}}],\"inLanguage\":\"en-US\"},{\"@type\":\"Organization\",\"@id\":\"https:\\\/\\\/www.effisca.com\\\/en\\\/#organization\",\"name\":\"Effisca\",\"url\":\"https:\\\/\\\/www.effisca.com\\\/en\\\/\",\"logo\":{\"@type\":\"ImageObject\",\"inLanguage\":\"en-US\",\"@id\":\"https:\\\/\\\/www.effisca.com\\\/en\\\/#\\\/schema\\\/logo\\\/image\\\/\",\"url\":\"https:\\\/\\\/www.effisca.com\\\/wp-content\\\/uploads\\\/2021\\\/01\\\/effisca-logo-1.png\",\"contentUrl\":\"https:\\\/\\\/www.effisca.com\\\/wp-content\\\/uploads\\\/2021\\\/01\\\/effisca-logo-1.png\",\"width\":1200,\"height\":355,\"caption\":\"Effisca\"},\"image\":{\"@id\":\"https:\\\/\\\/www.effisca.com\\\/en\\\/#\\\/schema\\\/logo\\\/image\\\/\"},\"sameAs\":[\"https:\\\/\\\/www.facebook.com\\\/effisca\",\"https:\\\/\\\/www.linkedin.com\\\/company\\\/effisca\\\/\"]},{\"@type\":\"Person\",\"@id\":\"https:\\\/\\\/www.effisca.com\\\/en\\\/#\\\/schema\\\/person\\\/13d86d0788abc4808425f9f21115c887\",\"name\":\"Olivier Custeau, Fiscaliste, B.A.A., M. Fisc., EA\",\"image\":{\"@type\":\"ImageObject\",\"inLanguage\":\"en-US\",\"@id\":\"https:\\\/\\\/www.effisca.com\\\/wp-content\\\/litespeed\\\/avatar\\\/cafaaeca2d221a4dd49ba965325bb350.jpg?ver=1777405239\",\"url\":\"https:\\\/\\\/www.effisca.com\\\/wp-content\\\/litespeed\\\/avatar\\\/cafaaeca2d221a4dd49ba965325bb350.jpg?ver=1777405239\",\"contentUrl\":\"https:\\\/\\\/www.effisca.com\\\/wp-content\\\/litespeed\\\/avatar\\\/cafaaeca2d221a4dd49ba965325bb350.jpg?ver=1777405239\",\"caption\":\"Olivier Custeau, Fiscaliste, B.A.A., M. Fisc., EA\"},\"description\":\"D\u00e9tenteur d\u2019un baccalaur\u00e9at en administration des affaires (B.A.A.) de l\u2019Universit\u00e9 Laval et d\u2019une ma\u00eetrise en fiscalit\u00e9 (M. Fisc.) de l\u2019Universit\u00e9 de Sherbrooke, Olivier a d\u00e9velopp\u00e9 une expertise en fiscalit\u00e9 am\u00e9ricaine et internationale en travaillant au sein d\u2019un cabinet renomm\u00e9. Au fil des ans, il a d\u00e9velopp\u00e9 un int\u00e9r\u00eat marqu\u00e9 pour la fiscalit\u00e9 am\u00e9ricaine. D\u2019ailleurs, il a obtenu 2019 le statut de Enrolled Agent, soit le plus haut niveau qu\u2019un professionnel peut atteindre pour repr\u00e9senter ses clients aupr\u00e8s de l\u2019Internal Revenue Service (IRS). Reconnu pour son approche rigoureuse, dynamique et humaine, Olivier est un atout pour l\u2019\u00e9quipe.\",\"url\":\"https:\\\/\\\/www.effisca.com\\\/en\\\/author\\\/olivier-custeau\\\/\"}]}<\/script>\n<!-- \/ Yoast SEO plugin. -->","yoast_head_json":{"title":"Owning a Roth-IRA in Canada: the impacts - Effisca","description":"If you've worked in the United States and contributed to a Roth IRA, this short article will help you understand the impacts of owning a Roth IRA in Canada.","robots":{"index":"index","follow":"follow","max-snippet":"max-snippet:-1","max-image-preview":"max-image-preview:large","max-video-preview":"max-video-preview:-1"},"canonical":"https:\/\/www.effisca.com\/en\/owning-a-roth-ira-in-canada-the-impacts\/","og_locale":"en_US","og_type":"article","og_title":"Owning a Roth-IRA in Canada: the impacts - Effisca","og_description":"If you've worked in the United States and contributed to a Roth IRA, this short article will help you understand the impacts of owning a Roth IRA in Canada.","og_url":"https:\/\/www.effisca.com\/en\/owning-a-roth-ira-in-canada-the-impacts\/","og_site_name":"Effisca","article_publisher":"https:\/\/www.facebook.com\/effisca","article_published_time":"2021-02-23T13:28:00+00:00","article_modified_time":"2021-11-08T21:10:15+00:00","og_image":[{"width":2560,"height":1707,"url":"https:\/\/www.effisca.com\/wp-content\/uploads\/2021\/02\/tyler-farmer-PHf5zoX4BHM-unsplash-scaled.jpg","type":"image\/jpeg"}],"author":"Olivier Custeau, Fiscaliste, B.A.A., M. Fisc., EA","twitter_card":"summary_large_image","twitter_misc":{"Written by":"Olivier Custeau, tax expert, B.A.A., M. Fisc., EA","Est. reading time":"2 minutes"},"schema":{"@context":"https:\/\/schema.org","@graph":[{"@type":"Article","@id":"https:\/\/www.effisca.com\/en\/owning-a-roth-ira-in-canada-the-impacts\/#article","isPartOf":{"@id":"https:\/\/www.effisca.com\/en\/owning-a-roth-ira-in-canada-the-impacts\/"},"author":{"name":"Olivier Custeau, Fiscaliste, B.A.A., M. Fisc., EA","@id":"https:\/\/www.effisca.com\/en\/#\/schema\/person\/13d86d0788abc4808425f9f21115c887"},"headline":"Owning a Roth-IRA in Canada: the impacts","datePublished":"2021-02-23T13:28:00+00:00","dateModified":"2021-11-08T21:10:15+00:00","mainEntityOfPage":{"@id":"https:\/\/www.effisca.com\/en\/owning-a-roth-ira-in-canada-the-impacts\/"},"wordCount":361,"publisher":{"@id":"https:\/\/www.effisca.com\/en\/#organization"},"image":{"@id":"https:\/\/www.effisca.com\/en\/owning-a-roth-ira-in-canada-the-impacts\/#primaryimage"},"thumbnailUrl":"https:\/\/www.effisca.com\/wp-content\/uploads\/2021\/02\/tyler-farmer-PHf5zoX4BHM-unsplash-scaled.jpg","keywords":["individual","pension plan","fiscalit\u00e9","american taxation"],"articleSection":["American citizen living in Canada"],"inLanguage":"en-US"},{"@type":"WebPage","@id":"https:\/\/www.effisca.com\/en\/owning-a-roth-ira-in-canada-the-impacts\/","url":"https:\/\/www.effisca.com\/en\/owning-a-roth-ira-in-canada-the-impacts\/","name":"Owning a Roth-IRA in Canada: the impacts - Effisca","isPartOf":{"@id":"https:\/\/www.effisca.com\/en\/#website"},"primaryImageOfPage":{"@id":"https:\/\/www.effisca.com\/en\/owning-a-roth-ira-in-canada-the-impacts\/#primaryimage"},"image":{"@id":"https:\/\/www.effisca.com\/en\/owning-a-roth-ira-in-canada-the-impacts\/#primaryimage"},"thumbnailUrl":"https:\/\/www.effisca.com\/wp-content\/uploads\/2021\/02\/tyler-farmer-PHf5zoX4BHM-unsplash-scaled.jpg","datePublished":"2021-02-23T13:28:00+00:00","dateModified":"2021-11-08T21:10:15+00:00","description":"If you've worked in the United States and contributed to a Roth IRA, this short article will help you understand the impacts of owning a Roth IRA in Canada.","breadcrumb":{"@id":"https:\/\/www.effisca.com\/en\/owning-a-roth-ira-in-canada-the-impacts\/#breadcrumb"},"inLanguage":"en-US","potentialAction":[{"@type":"ReadAction","target":["https:\/\/www.effisca.com\/en\/owning-a-roth-ira-in-canada-the-impacts\/"]}]},{"@type":"ImageObject","inLanguage":"en-US","@id":"https:\/\/www.effisca.com\/en\/owning-a-roth-ira-in-canada-the-impacts\/#primaryimage","url":"https:\/\/www.effisca.com\/wp-content\/uploads\/2021\/02\/tyler-farmer-PHf5zoX4BHM-unsplash-scaled.jpg","contentUrl":"https:\/\/www.effisca.com\/wp-content\/uploads\/2021\/02\/tyler-farmer-PHf5zoX4BHM-unsplash-scaled.jpg","width":2560,"height":1707},{"@type":"BreadcrumbList","@id":"https:\/\/www.effisca.com\/en\/owning-a-roth-ira-in-canada-the-impacts\/#breadcrumb","itemListElement":[{"@type":"ListItem","position":1,"name":"Accueil","item":"https:\/\/www.effisca.com\/en\/"},{"@type":"ListItem","position":2,"name":"Owning a Roth-IRA in Canada: the impacts"}]},{"@type":"WebSite","@id":"https:\/\/www.effisca.com\/en\/#website","url":"https:\/\/www.effisca.com\/en\/","name":"Effisca","description":"Tax firm specializing in Canadian, US and international tax","publisher":{"@id":"https:\/\/www.effisca.com\/en\/#organization"},"potentialAction":[{"@type":"SearchAction","target":{"@type":"EntryPoint","urlTemplate":"https:\/\/www.effisca.com\/en\/?s={search_term_string}"},"query-input":{"@type":"PropertyValueSpecification","valueRequired":true,"valueName":"search_term_string"}}],"inLanguage":"en-US"},{"@type":"Organization","@id":"https:\/\/www.effisca.com\/en\/#organization","name":"Effisca","url":"https:\/\/www.effisca.com\/en\/","logo":{"@type":"ImageObject","inLanguage":"en-US","@id":"https:\/\/www.effisca.com\/en\/#\/schema\/logo\/image\/","url":"https:\/\/www.effisca.com\/wp-content\/uploads\/2021\/01\/effisca-logo-1.png","contentUrl":"https:\/\/www.effisca.com\/wp-content\/uploads\/2021\/01\/effisca-logo-1.png","width":1200,"height":355,"caption":"Effisca"},"image":{"@id":"https:\/\/www.effisca.com\/en\/#\/schema\/logo\/image\/"},"sameAs":["https:\/\/www.facebook.com\/effisca","https:\/\/www.linkedin.com\/company\/effisca\/"]},{"@type":"Person","@id":"https:\/\/www.effisca.com\/en\/#\/schema\/person\/13d86d0788abc4808425f9f21115c887","name":"Olivier Custeau, Fiscaliste, B.A.A., M. Fisc., EA","image":{"@type":"ImageObject","inLanguage":"en-US","@id":"https:\/\/www.effisca.com\/wp-content\/litespeed\/avatar\/cafaaeca2d221a4dd49ba965325bb350.jpg?ver=1777405239","url":"https:\/\/www.effisca.com\/wp-content\/litespeed\/avatar\/cafaaeca2d221a4dd49ba965325bb350.jpg?ver=1777405239","contentUrl":"https:\/\/www.effisca.com\/wp-content\/litespeed\/avatar\/cafaaeca2d221a4dd49ba965325bb350.jpg?ver=1777405239","caption":"Olivier Custeau, Fiscaliste, B.A.A., M. Fisc., EA"},"description":"D\u00e9tenteur d\u2019un baccalaur\u00e9at en administration des affaires (B.A.A.) de l\u2019Universit\u00e9 Laval et d\u2019une ma\u00eetrise en fiscalit\u00e9 (M. Fisc.) de l\u2019Universit\u00e9 de Sherbrooke, Olivier a d\u00e9velopp\u00e9 une expertise en fiscalit\u00e9 am\u00e9ricaine et internationale en travaillant au sein d\u2019un cabinet renomm\u00e9. Au fil des ans, il a d\u00e9velopp\u00e9 un int\u00e9r\u00eat marqu\u00e9 pour la fiscalit\u00e9 am\u00e9ricaine. D\u2019ailleurs, il a obtenu 2019 le statut de Enrolled Agent, soit le plus haut niveau qu\u2019un professionnel peut atteindre pour repr\u00e9senter ses clients aupr\u00e8s de l\u2019Internal Revenue Service (IRS). Reconnu pour son approche rigoureuse, dynamique et humaine, Olivier est un atout pour l\u2019\u00e9quipe.","url":"https:\/\/www.effisca.com\/en\/author\/olivier-custeau\/"}]}},"_links":{"self":[{"href":"https:\/\/www.effisca.com\/en\/wp-json\/wp\/v2\/posts\/6315","targetHints":{"allow":["GET"]}}],"collection":[{"href":"https:\/\/www.effisca.com\/en\/wp-json\/wp\/v2\/posts"}],"about":[{"href":"https:\/\/www.effisca.com\/en\/wp-json\/wp\/v2\/types\/post"}],"author":[{"embeddable":true,"href":"https:\/\/www.effisca.com\/en\/wp-json\/wp\/v2\/users\/5"}],"replies":[{"embeddable":true,"href":"https:\/\/www.effisca.com\/en\/wp-json\/wp\/v2\/comments?post=6315"}],"version-history":[{"count":2,"href":"https:\/\/www.effisca.com\/en\/wp-json\/wp\/v2\/posts\/6315\/revisions"}],"predecessor-version":[{"id":6412,"href":"https:\/\/www.effisca.com\/en\/wp-json\/wp\/v2\/posts\/6315\/revisions\/6412"}],"wp:featuredmedia":[{"embeddable":true,"href":"https:\/\/www.effisca.com\/en\/wp-json\/wp\/v2\/media\/7637"}],"wp:attachment":[{"href":"https:\/\/www.effisca.com\/en\/wp-json\/wp\/v2\/media?parent=6315"}],"wp:term":[{"taxonomy":"category","embeddable":true,"href":"https:\/\/www.effisca.com\/en\/wp-json\/wp\/v2\/categories?post=6315"},{"taxonomy":"post_tag","embeddable":true,"href":"https:\/\/www.effisca.com\/en\/wp-json\/wp\/v2\/tags?post=6315"}],"curies":[{"name":"wp","href":"https:\/\/api.w.org\/{rel}","templated":true}]}}