{"id":6274,"date":"2021-01-22T06:55:00","date_gmt":"2021-01-22T11:55:00","guid":{"rendered":"https:\/\/www.effisca.com\/?p=6274"},"modified":"2021-05-03T10:40:46","modified_gmt":"2021-05-03T14:40:46","slug":"social-security-charges-for-self-employed-workers-abroad","status":"publish","type":"post","link":"https:\/\/www.effisca.com\/en\/social-security-charges-for-self-employed-workers-abroad\/","title":{"rendered":"Social security charges for self-employed workers abroad"},"content":{"rendered":"\n<p>When you sell your services as a self-employed worker, whether in Canada, the United States, or other countries, you usually have to pay payroll taxes on that business income. In Quebec, these payroll taxes include the contribution to the Quebec Pension Plan (QPP) and the Quebec Parental Insurance Plan (QPIP), while in the rest of Canada, we speak more of the Canada Pension Plan (CPP). In our neighbors to the South, we refer to the Self-Employment Tax.<\/p>\n\n\n\n<h2 class=\"wp-block-heading\"><strong>Calculation of social charges<\/strong><\/h2>\n\n\n\n<p>Generally, payroll taxes payable are calculated on net business income and are payable where the income was earned. So if you live in Canada, but your customers are in the United States or another country, you should have to pay payroll taxes in the United States.<\/p>\n\n\n\n<p>However, your country of residence, Canada, will most likely want to have its share of payroll taxes on that same income. So, in theory, if you sell your services in more than one country, province or state, then you might have to pay payroll taxes both where you sell those services and where you reside. This is where it can get expensive!<\/p>\n\n\n\n<h2 class=\"wp-block-heading\"><strong>Social security agreements<\/strong><\/h2>\n\n\n\n<p>Fortunately, several countries like Canada, the United States and France, to name a few, have international social security agreements so that you can pay the social security contributions applicable to your situation only in your country or province of residence, as applicable.<\/p>\n\n\n\n<p>For example, a self-employed worker residing in Quebec can, thanks to the social security agreements that the Quebec government has concluded with 38 countries, obtain a certificate of coverage for the work he performs abroad and thus have access to a pension from a foreign country, while paying social charges only in Quebec. To consult the list of countries that have signed a social security agreement with Quebec, click <a href=\"https:\/\/www.rrq.gouv.qc.ca\/en\/programmes\/regime_rentes\/ententes_internationales\/Pages\/pays_signataires.aspx\">here<\/a>.<\/p>\n\n\n\n<h2 class=\"wp-block-heading\"><strong>The case of the United States<\/strong><\/h2>\n\n\n\n<p>Canada has also signed a security agreement with its neighbors to the South. So on August 1, 1984, Canada and the United States signed the Totalization Agreement so that workers in these two countries could receive some social protection.<\/p>\n\n\n\n<p>The agreement between Canada and the United States includes various benefits, such as retirement pensions. On the US side, the agreement covers, among other things, Social Security taxes and Social Security retirement, disability and survivors insurance benefits. For Canada, the agreement applies to the Old Age Security program and the Canada Pension Plan (CPP). While in Quebec, it is the Quebec Pension Plan (QPP) which is applies, under the <a href=\"https:\/\/www.rrq.gouv.qc.ca\/en\/services\/formulaires\/ententes_internationales\/ameriques\/Pages\/Q-111-3.aspx\">Quebec &#8211; United States Agreemen<\/a>t.<\/p>\n\n\n\n<h2 class=\"wp-block-heading\"><strong>To know more<\/strong><\/h2>\n\n\n\n<p>Given the vast complexity of the subject and the diversity of the social security agreements that Canada has signed, we recommend that you make an appointment with one of our tax experts if you wish to have information on a particular situation. We&#8217;ll help you figure out which payroll taxes apply to you and if you can pay them all in one place!<\/p>\n","protected":false},"excerpt":{"rendered":"<p>As an international self-employed worker, a social security agreement could save you from having to pay social charges in different countries. See how.<\/p>\n","protected":false},"author":9,"featured_media":6269,"comment_status":"closed","ping_status":"closed","sticky":false,"template":"","format":"standard","meta":{"_acf_changed":false,"inline_featured_image":false,"footnotes":""},"categories":[70],"tags":[122,257,299],"class_list":["post-6274","post","type-post","status-publish","format-standard","has-post-thumbnail","hentry","category-international-tax","tag-international-tax","tag-fiscalite-en","tag-payroll-taxes"],"acf":[],"yoast_head":"<!-- This site is optimized with the Yoast SEO plugin v27.5 - https:\/\/yoast.com\/product\/yoast-seo-wordpress\/ -->\n<title>Social security charges for self-employed workers abroad - Effisca<\/title>\n<meta name=\"description\" content=\"As an international self-employed worker, a social security agreement could save you from having to pay social charges in different countries. See how.\" \/>\n<meta name=\"robots\" content=\"index, follow, max-snippet:-1, max-image-preview:large, max-video-preview:-1\" \/>\n<link rel=\"canonical\" href=\"https:\/\/www.effisca.com\/en\/social-security-charges-for-self-employed-workers-abroad\/\" \/>\n<meta property=\"og:locale\" content=\"en_US\" \/>\n<meta property=\"og:type\" content=\"article\" \/>\n<meta property=\"og:title\" content=\"Social security charges for self-employed workers abroad - Effisca\" \/>\n<meta property=\"og:description\" content=\"As an international self-employed worker, a social security agreement could save you from having to pay social charges in different countries. See how.\" \/>\n<meta property=\"og:url\" content=\"https:\/\/www.effisca.com\/en\/social-security-charges-for-self-employed-workers-abroad\/\" \/>\n<meta property=\"og:site_name\" content=\"Effisca\" \/>\n<meta property=\"article:publisher\" content=\"https:\/\/www.facebook.com\/effisca\" \/>\n<meta property=\"article:published_time\" content=\"2021-01-22T11:55:00+00:00\" \/>\n<meta property=\"article:modified_time\" content=\"2021-05-03T14:40:46+00:00\" \/>\n<meta property=\"og:image\" content=\"https:\/\/www.effisca.com\/wp-content\/uploads\/2021\/04\/travailleur-autonome-etranger-charges-sociales-totalization-agreement.jpg\" \/>\n\t<meta property=\"og:image:width\" content=\"1920\" \/>\n\t<meta property=\"og:image:height\" content=\"1280\" \/>\n\t<meta property=\"og:image:type\" content=\"image\/jpeg\" \/>\n<meta name=\"author\" content=\"\u00c9ric Jobidon, fiscaliste, B.A.A., D. Fisc.\" \/>\n<meta name=\"twitter:card\" content=\"summary_large_image\" \/>\n<meta name=\"twitter:label1\" content=\"Written by\" \/>\n\t<meta name=\"twitter:data1\" content=\"\u00c9ric Jobidon, tax expert, B.A.A., D. Fisc.\" \/>\n\t<meta name=\"twitter:label2\" content=\"Est. reading time\" \/>\n\t<meta name=\"twitter:data2\" content=\"3 minutes\" \/>\n<script type=\"application\/ld+json\" class=\"yoast-schema-graph\">{\"@context\":\"https:\\\/\\\/schema.org\",\"@graph\":[{\"@type\":\"Article\",\"@id\":\"https:\\\/\\\/www.effisca.com\\\/en\\\/social-security-charges-for-self-employed-workers-abroad\\\/#article\",\"isPartOf\":{\"@id\":\"https:\\\/\\\/www.effisca.com\\\/en\\\/social-security-charges-for-self-employed-workers-abroad\\\/\"},\"author\":{\"name\":\"\u00c9ric Jobidon, fiscaliste, B.A.A., D. Fisc.\",\"@id\":\"https:\\\/\\\/www.effisca.com\\\/en\\\/#\\\/schema\\\/person\\\/e11b9c88497db66b9e92ec28b6bb2d75\"},\"headline\":\"Social security charges for self-employed workers abroad\",\"datePublished\":\"2021-01-22T11:55:00+00:00\",\"dateModified\":\"2021-05-03T14:40:46+00:00\",\"mainEntityOfPage\":{\"@id\":\"https:\\\/\\\/www.effisca.com\\\/en\\\/social-security-charges-for-self-employed-workers-abroad\\\/\"},\"wordCount\":494,\"publisher\":{\"@id\":\"https:\\\/\\\/www.effisca.com\\\/en\\\/#organization\"},\"image\":{\"@id\":\"https:\\\/\\\/www.effisca.com\\\/en\\\/social-security-charges-for-self-employed-workers-abroad\\\/#primaryimage\"},\"thumbnailUrl\":\"https:\\\/\\\/www.effisca.com\\\/wp-content\\\/uploads\\\/2021\\\/04\\\/travailleur-autonome-etranger-charges-sociales-totalization-agreement.jpg\",\"keywords\":[\"international tax\",\"fiscalit\u00e9\",\"payroll taxes\"],\"articleSection\":[\"International tax\"],\"inLanguage\":\"en-US\"},{\"@type\":\"WebPage\",\"@id\":\"https:\\\/\\\/www.effisca.com\\\/en\\\/social-security-charges-for-self-employed-workers-abroad\\\/\",\"url\":\"https:\\\/\\\/www.effisca.com\\\/en\\\/social-security-charges-for-self-employed-workers-abroad\\\/\",\"name\":\"Social security charges for self-employed workers abroad - Effisca\",\"isPartOf\":{\"@id\":\"https:\\\/\\\/www.effisca.com\\\/en\\\/#website\"},\"primaryImageOfPage\":{\"@id\":\"https:\\\/\\\/www.effisca.com\\\/en\\\/social-security-charges-for-self-employed-workers-abroad\\\/#primaryimage\"},\"image\":{\"@id\":\"https:\\\/\\\/www.effisca.com\\\/en\\\/social-security-charges-for-self-employed-workers-abroad\\\/#primaryimage\"},\"thumbnailUrl\":\"https:\\\/\\\/www.effisca.com\\\/wp-content\\\/uploads\\\/2021\\\/04\\\/travailleur-autonome-etranger-charges-sociales-totalization-agreement.jpg\",\"datePublished\":\"2021-01-22T11:55:00+00:00\",\"dateModified\":\"2021-05-03T14:40:46+00:00\",\"description\":\"As an international self-employed worker, a social security agreement could save you from having to pay social charges in different countries. See how.\",\"breadcrumb\":{\"@id\":\"https:\\\/\\\/www.effisca.com\\\/en\\\/social-security-charges-for-self-employed-workers-abroad\\\/#breadcrumb\"},\"inLanguage\":\"en-US\",\"potentialAction\":[{\"@type\":\"ReadAction\",\"target\":[\"https:\\\/\\\/www.effisca.com\\\/en\\\/social-security-charges-for-self-employed-workers-abroad\\\/\"]}]},{\"@type\":\"ImageObject\",\"inLanguage\":\"en-US\",\"@id\":\"https:\\\/\\\/www.effisca.com\\\/en\\\/social-security-charges-for-self-employed-workers-abroad\\\/#primaryimage\",\"url\":\"https:\\\/\\\/www.effisca.com\\\/wp-content\\\/uploads\\\/2021\\\/04\\\/travailleur-autonome-etranger-charges-sociales-totalization-agreement.jpg\",\"contentUrl\":\"https:\\\/\\\/www.effisca.com\\\/wp-content\\\/uploads\\\/2021\\\/04\\\/travailleur-autonome-etranger-charges-sociales-totalization-agreement.jpg\",\"width\":1920,\"height\":1280},{\"@type\":\"BreadcrumbList\",\"@id\":\"https:\\\/\\\/www.effisca.com\\\/en\\\/social-security-charges-for-self-employed-workers-abroad\\\/#breadcrumb\",\"itemListElement\":[{\"@type\":\"ListItem\",\"position\":1,\"name\":\"Accueil\",\"item\":\"https:\\\/\\\/www.effisca.com\\\/en\\\/\"},{\"@type\":\"ListItem\",\"position\":2,\"name\":\"Social security charges for self-employed workers abroad\"}]},{\"@type\":\"WebSite\",\"@id\":\"https:\\\/\\\/www.effisca.com\\\/en\\\/#website\",\"url\":\"https:\\\/\\\/www.effisca.com\\\/en\\\/\",\"name\":\"Effisca\",\"description\":\"Tax firm specializing in Canadian, US and international tax\",\"publisher\":{\"@id\":\"https:\\\/\\\/www.effisca.com\\\/en\\\/#organization\"},\"potentialAction\":[{\"@type\":\"SearchAction\",\"target\":{\"@type\":\"EntryPoint\",\"urlTemplate\":\"https:\\\/\\\/www.effisca.com\\\/en\\\/?s={search_term_string}\"},\"query-input\":{\"@type\":\"PropertyValueSpecification\",\"valueRequired\":true,\"valueName\":\"search_term_string\"}}],\"inLanguage\":\"en-US\"},{\"@type\":\"Organization\",\"@id\":\"https:\\\/\\\/www.effisca.com\\\/en\\\/#organization\",\"name\":\"Effisca\",\"url\":\"https:\\\/\\\/www.effisca.com\\\/en\\\/\",\"logo\":{\"@type\":\"ImageObject\",\"inLanguage\":\"en-US\",\"@id\":\"https:\\\/\\\/www.effisca.com\\\/en\\\/#\\\/schema\\\/logo\\\/image\\\/\",\"url\":\"https:\\\/\\\/www.effisca.com\\\/wp-content\\\/uploads\\\/2021\\\/01\\\/effisca-logo-1.png\",\"contentUrl\":\"https:\\\/\\\/www.effisca.com\\\/wp-content\\\/uploads\\\/2021\\\/01\\\/effisca-logo-1.png\",\"width\":1200,\"height\":355,\"caption\":\"Effisca\"},\"image\":{\"@id\":\"https:\\\/\\\/www.effisca.com\\\/en\\\/#\\\/schema\\\/logo\\\/image\\\/\"},\"sameAs\":[\"https:\\\/\\\/www.facebook.com\\\/effisca\",\"https:\\\/\\\/www.linkedin.com\\\/company\\\/effisca\\\/\"]},{\"@type\":\"Person\",\"@id\":\"https:\\\/\\\/www.effisca.com\\\/en\\\/#\\\/schema\\\/person\\\/e11b9c88497db66b9e92ec28b6bb2d75\",\"name\":\"\u00c9ric Jobidon, fiscaliste, B.A.A., D. Fisc.\",\"image\":{\"@type\":\"ImageObject\",\"inLanguage\":\"en-US\",\"@id\":\"https:\\\/\\\/www.effisca.com\\\/wp-content\\\/litespeed\\\/avatar\\\/4550a64fbd5b362a148ce57d695b65df.jpg?ver=1777413383\",\"url\":\"https:\\\/\\\/www.effisca.com\\\/wp-content\\\/litespeed\\\/avatar\\\/4550a64fbd5b362a148ce57d695b65df.jpg?ver=1777413383\",\"contentUrl\":\"https:\\\/\\\/www.effisca.com\\\/wp-content\\\/litespeed\\\/avatar\\\/4550a64fbd5b362a148ce57d695b65df.jpg?ver=1777413383\",\"caption\":\"\u00c9ric Jobidon, fiscaliste, B.A.A., D. Fisc.\"},\"description\":\"Titulaire d\u2019un baccalaur\u00e9at en administration des affaires (B.A.A.) et d\u2019un dipl\u00f4me d\u2019\u00e9tudes sup\u00e9rieures en fiscalit\u00e9 (D. Fisc) de l\u2019Universit\u00e9 Laval, \u00c9ric poss\u00e8de plus de 15 ans d\u2019exp\u00e9rience en fiscalit\u00e9 des expatri\u00e9s. Au cours de sa carri\u00e8re, il a pu parfaire ses connaissances dans le domaine fiscal en travaillant en entreprise ainsi que dans de grands cabinets comptables. Avec ses connaissances approfondies de la fiscalit\u00e9 canadienne et am\u00e9ricaine des particuliers, \u00c9ric aide ses clients \u00e0 maximiser leur situation fiscale. Son expertise dans l\u2019analyse de conventions fiscales et d\u2019ententes de s\u00e9curit\u00e9 sociales lui permet en outre de les conseiller dans la structure \u00e0 utiliser pour leurs employ\u00e9s d\u00e9tach\u00e9s \u00e0 l\u2019\u00e9tranger.\",\"url\":\"https:\\\/\\\/www.effisca.com\\\/en\\\/author\\\/eric-jobidon\\\/\"}]}<\/script>\n<!-- \/ Yoast SEO plugin. -->","yoast_head_json":{"title":"Social security charges for self-employed workers abroad - Effisca","description":"As an international self-employed worker, a social security agreement could save you from having to pay social charges in different countries. See how.","robots":{"index":"index","follow":"follow","max-snippet":"max-snippet:-1","max-image-preview":"max-image-preview:large","max-video-preview":"max-video-preview:-1"},"canonical":"https:\/\/www.effisca.com\/en\/social-security-charges-for-self-employed-workers-abroad\/","og_locale":"en_US","og_type":"article","og_title":"Social security charges for self-employed workers abroad - Effisca","og_description":"As an international self-employed worker, a social security agreement could save you from having to pay social charges in different countries. See how.","og_url":"https:\/\/www.effisca.com\/en\/social-security-charges-for-self-employed-workers-abroad\/","og_site_name":"Effisca","article_publisher":"https:\/\/www.facebook.com\/effisca","article_published_time":"2021-01-22T11:55:00+00:00","article_modified_time":"2021-05-03T14:40:46+00:00","og_image":[{"width":1920,"height":1280,"url":"https:\/\/www.effisca.com\/wp-content\/uploads\/2021\/04\/travailleur-autonome-etranger-charges-sociales-totalization-agreement.jpg","type":"image\/jpeg"}],"author":"\u00c9ric Jobidon, fiscaliste, B.A.A., D. Fisc.","twitter_card":"summary_large_image","twitter_misc":{"Written by":"\u00c9ric Jobidon, tax expert, B.A.A., D. Fisc.","Est. reading time":"3 minutes"},"schema":{"@context":"https:\/\/schema.org","@graph":[{"@type":"Article","@id":"https:\/\/www.effisca.com\/en\/social-security-charges-for-self-employed-workers-abroad\/#article","isPartOf":{"@id":"https:\/\/www.effisca.com\/en\/social-security-charges-for-self-employed-workers-abroad\/"},"author":{"name":"\u00c9ric Jobidon, fiscaliste, B.A.A., D. Fisc.","@id":"https:\/\/www.effisca.com\/en\/#\/schema\/person\/e11b9c88497db66b9e92ec28b6bb2d75"},"headline":"Social security charges for self-employed workers abroad","datePublished":"2021-01-22T11:55:00+00:00","dateModified":"2021-05-03T14:40:46+00:00","mainEntityOfPage":{"@id":"https:\/\/www.effisca.com\/en\/social-security-charges-for-self-employed-workers-abroad\/"},"wordCount":494,"publisher":{"@id":"https:\/\/www.effisca.com\/en\/#organization"},"image":{"@id":"https:\/\/www.effisca.com\/en\/social-security-charges-for-self-employed-workers-abroad\/#primaryimage"},"thumbnailUrl":"https:\/\/www.effisca.com\/wp-content\/uploads\/2021\/04\/travailleur-autonome-etranger-charges-sociales-totalization-agreement.jpg","keywords":["international tax","fiscalit\u00e9","payroll taxes"],"articleSection":["International tax"],"inLanguage":"en-US"},{"@type":"WebPage","@id":"https:\/\/www.effisca.com\/en\/social-security-charges-for-self-employed-workers-abroad\/","url":"https:\/\/www.effisca.com\/en\/social-security-charges-for-self-employed-workers-abroad\/","name":"Social security charges for self-employed workers abroad - Effisca","isPartOf":{"@id":"https:\/\/www.effisca.com\/en\/#website"},"primaryImageOfPage":{"@id":"https:\/\/www.effisca.com\/en\/social-security-charges-for-self-employed-workers-abroad\/#primaryimage"},"image":{"@id":"https:\/\/www.effisca.com\/en\/social-security-charges-for-self-employed-workers-abroad\/#primaryimage"},"thumbnailUrl":"https:\/\/www.effisca.com\/wp-content\/uploads\/2021\/04\/travailleur-autonome-etranger-charges-sociales-totalization-agreement.jpg","datePublished":"2021-01-22T11:55:00+00:00","dateModified":"2021-05-03T14:40:46+00:00","description":"As an international self-employed worker, a social security agreement could save you from having to pay social charges in different countries. See how.","breadcrumb":{"@id":"https:\/\/www.effisca.com\/en\/social-security-charges-for-self-employed-workers-abroad\/#breadcrumb"},"inLanguage":"en-US","potentialAction":[{"@type":"ReadAction","target":["https:\/\/www.effisca.com\/en\/social-security-charges-for-self-employed-workers-abroad\/"]}]},{"@type":"ImageObject","inLanguage":"en-US","@id":"https:\/\/www.effisca.com\/en\/social-security-charges-for-self-employed-workers-abroad\/#primaryimage","url":"https:\/\/www.effisca.com\/wp-content\/uploads\/2021\/04\/travailleur-autonome-etranger-charges-sociales-totalization-agreement.jpg","contentUrl":"https:\/\/www.effisca.com\/wp-content\/uploads\/2021\/04\/travailleur-autonome-etranger-charges-sociales-totalization-agreement.jpg","width":1920,"height":1280},{"@type":"BreadcrumbList","@id":"https:\/\/www.effisca.com\/en\/social-security-charges-for-self-employed-workers-abroad\/#breadcrumb","itemListElement":[{"@type":"ListItem","position":1,"name":"Accueil","item":"https:\/\/www.effisca.com\/en\/"},{"@type":"ListItem","position":2,"name":"Social security charges for self-employed workers abroad"}]},{"@type":"WebSite","@id":"https:\/\/www.effisca.com\/en\/#website","url":"https:\/\/www.effisca.com\/en\/","name":"Effisca","description":"Tax firm specializing in Canadian, US and international tax","publisher":{"@id":"https:\/\/www.effisca.com\/en\/#organization"},"potentialAction":[{"@type":"SearchAction","target":{"@type":"EntryPoint","urlTemplate":"https:\/\/www.effisca.com\/en\/?s={search_term_string}"},"query-input":{"@type":"PropertyValueSpecification","valueRequired":true,"valueName":"search_term_string"}}],"inLanguage":"en-US"},{"@type":"Organization","@id":"https:\/\/www.effisca.com\/en\/#organization","name":"Effisca","url":"https:\/\/www.effisca.com\/en\/","logo":{"@type":"ImageObject","inLanguage":"en-US","@id":"https:\/\/www.effisca.com\/en\/#\/schema\/logo\/image\/","url":"https:\/\/www.effisca.com\/wp-content\/uploads\/2021\/01\/effisca-logo-1.png","contentUrl":"https:\/\/www.effisca.com\/wp-content\/uploads\/2021\/01\/effisca-logo-1.png","width":1200,"height":355,"caption":"Effisca"},"image":{"@id":"https:\/\/www.effisca.com\/en\/#\/schema\/logo\/image\/"},"sameAs":["https:\/\/www.facebook.com\/effisca","https:\/\/www.linkedin.com\/company\/effisca\/"]},{"@type":"Person","@id":"https:\/\/www.effisca.com\/en\/#\/schema\/person\/e11b9c88497db66b9e92ec28b6bb2d75","name":"\u00c9ric Jobidon, fiscaliste, B.A.A., D. Fisc.","image":{"@type":"ImageObject","inLanguage":"en-US","@id":"https:\/\/www.effisca.com\/wp-content\/litespeed\/avatar\/4550a64fbd5b362a148ce57d695b65df.jpg?ver=1777413383","url":"https:\/\/www.effisca.com\/wp-content\/litespeed\/avatar\/4550a64fbd5b362a148ce57d695b65df.jpg?ver=1777413383","contentUrl":"https:\/\/www.effisca.com\/wp-content\/litespeed\/avatar\/4550a64fbd5b362a148ce57d695b65df.jpg?ver=1777413383","caption":"\u00c9ric Jobidon, fiscaliste, B.A.A., D. Fisc."},"description":"Titulaire d\u2019un baccalaur\u00e9at en administration des affaires (B.A.A.) et d\u2019un dipl\u00f4me d\u2019\u00e9tudes sup\u00e9rieures en fiscalit\u00e9 (D. Fisc) de l\u2019Universit\u00e9 Laval, \u00c9ric poss\u00e8de plus de 15 ans d\u2019exp\u00e9rience en fiscalit\u00e9 des expatri\u00e9s. Au cours de sa carri\u00e8re, il a pu parfaire ses connaissances dans le domaine fiscal en travaillant en entreprise ainsi que dans de grands cabinets comptables. Avec ses connaissances approfondies de la fiscalit\u00e9 canadienne et am\u00e9ricaine des particuliers, \u00c9ric aide ses clients \u00e0 maximiser leur situation fiscale. Son expertise dans l\u2019analyse de conventions fiscales et d\u2019ententes de s\u00e9curit\u00e9 sociales lui permet en outre de les conseiller dans la structure \u00e0 utiliser pour leurs employ\u00e9s d\u00e9tach\u00e9s \u00e0 l\u2019\u00e9tranger.","url":"https:\/\/www.effisca.com\/en\/author\/eric-jobidon\/"}]}},"_links":{"self":[{"href":"https:\/\/www.effisca.com\/en\/wp-json\/wp\/v2\/posts\/6274","targetHints":{"allow":["GET"]}}],"collection":[{"href":"https:\/\/www.effisca.com\/en\/wp-json\/wp\/v2\/posts"}],"about":[{"href":"https:\/\/www.effisca.com\/en\/wp-json\/wp\/v2\/types\/post"}],"author":[{"embeddable":true,"href":"https:\/\/www.effisca.com\/en\/wp-json\/wp\/v2\/users\/9"}],"replies":[{"embeddable":true,"href":"https:\/\/www.effisca.com\/en\/wp-json\/wp\/v2\/comments?post=6274"}],"version-history":[{"count":2,"href":"https:\/\/www.effisca.com\/en\/wp-json\/wp\/v2\/posts\/6274\/revisions"}],"predecessor-version":[{"id":6461,"href":"https:\/\/www.effisca.com\/en\/wp-json\/wp\/v2\/posts\/6274\/revisions\/6461"}],"wp:featuredmedia":[{"embeddable":true,"href":"https:\/\/www.effisca.com\/en\/wp-json\/wp\/v2\/media\/6269"}],"wp:attachment":[{"href":"https:\/\/www.effisca.com\/en\/wp-json\/wp\/v2\/media?parent=6274"}],"wp:term":[{"taxonomy":"category","embeddable":true,"href":"https:\/\/www.effisca.com\/en\/wp-json\/wp\/v2\/categories?post=6274"},{"taxonomy":"post_tag","embeddable":true,"href":"https:\/\/www.effisca.com\/en\/wp-json\/wp\/v2\/tags?post=6274"}],"curies":[{"name":"wp","href":"https:\/\/api.w.org\/{rel}","templated":true}]}}