{"id":6232,"date":"2021-01-29T10:15:59","date_gmt":"2021-01-29T15:15:59","guid":{"rendered":"https:\/\/www.effisca.com\/ties-considered-in-determining-residency-status\/"},"modified":"2021-11-08T16:22:22","modified_gmt":"2021-11-08T21:22:22","slug":"ties-considered-in-determining-residency-status","status":"publish","type":"post","link":"https:\/\/www.effisca.com\/en\/ties-considered-in-determining-residency-status\/","title":{"rendered":"Ties considered in determining residency status"},"content":{"rendered":"\n<p><span style=\"font-weight: 400;\">If you leave Canada to settle in another country, the Canada Revenue Agency (CRA) could still consider you a resident for the purposes of the Income Tax Act since the notion of residence is a question of fact. In addition to analyzing the taxpayer&#8217;s purpose and intent, the CRA pays particular attention to the primary and secondary ties maintained by the taxpayer in order to draw a conclusion. Among the primary ties, we find:<\/span><\/p>\n\n\n\n<ul class=\"wp-block-list\"><li>a residence in Canada;<\/li><li>a spouse or common-law partner in Canada;<\/li><li>dependents in Canada.<\/li><\/ul>\n\n\n\n<p><\/p>\n\n\n\n<p>As for the secondary ties, note:<\/p>\n\n\n\n<ul class=\"wp-block-list\"><li>economic ties to Canada (for example, Canadian credit cards or bank accounts);<\/li><li>a Canadian driver&#8217;s license;<\/li><li>a Canadian passport;<\/li><li>health insurance;<\/li><li>personal property in Canada, such as a car or furniture;<\/li><li>social ties in Canada.<\/li><\/ul>\n\n\n\n<h2 class=\"wp-block-heading\"><b>Tax treaties<\/b><\/h2>\n\n\n\n<p>Although the Canadian tax authorities may be tempted to keep you as a tax resident of Canada, the tax treaties concluded between Canada and the various signatory countries generally make it easier to decide the question of residency. Indeed, a specific article addressing the tie-breaking rules is provided for when a person is presumed to be a resident of two countries.<\/p>\n\n\n\n<p><span style=\"font-weight: 400;\">Fortunately, Canada has signed double taxation avoidance agreements called \u201ctax treaties\u201d with many countries. As tax treaties generally take precedence over domestic laws, they will normally allow this type of situation to be resolved. You can consult all the <\/span><a href=\"https:\/\/www.canada.ca\/en\/department-finance\/programs\/tax-policy\/tax-treaties\/in-force.html\"><span style=\"font-weight: 400;\">tax treaties in force signed by Canada<\/span><\/a><span style=\"font-weight: 400;\"> on the Web.<\/span><\/p>\n\n\n\n<p>Do not hesitate to contact us and make an appointment with one of our tax experts. We are used to analyzing tax treaties and addressing changes of residency so that everything is done properly and without any ambiguity!<\/p>\n","protected":false},"excerpt":{"rendered":"<p>If you leave Canada to settle in another country, the Canada Revenue Agency (CRA) could still consider you a resident for the purposes of the Income Tax Act since the notion of residence is a question of fact. In addition to analyzing the taxpayer&#8217;s purpose and intent, the CRA pays particular attention to the primary [&hellip;]<\/p>\n","protected":false},"author":5,"featured_media":7644,"comment_status":"closed","ping_status":"closed","sticky":false,"template":"","format":"standard","meta":{"_acf_changed":false,"inline_featured_image":false,"footnotes":""},"categories":[120],"tags":[41,129,130,257],"class_list":["post-6232","post","type-post","status-publish","format-standard","has-post-thumbnail","hentry","category-departure-from-canada","tag-individual","tag-tax-treaty","tag-tax-residence","tag-fiscalite-en"],"acf":[],"yoast_head":"<!-- This site is optimized with the Yoast SEO plugin v27.5 - https:\/\/yoast.com\/product\/yoast-seo-wordpress\/ -->\n<title>Ties considered in determining residency status | Effisca<\/title>\n<meta name=\"description\" content=\"If you leave Canada to move to another country, the CRA of Canada may continue to consider you a resident for income tax purposes.\" \/>\n<meta name=\"robots\" content=\"index, follow, max-snippet:-1, max-image-preview:large, max-video-preview:-1\" \/>\n<link rel=\"canonical\" href=\"https:\/\/www.effisca.com\/en\/ties-considered-in-determining-residency-status\/\" \/>\n<meta property=\"og:locale\" content=\"en_US\" \/>\n<meta property=\"og:type\" content=\"article\" \/>\n<meta property=\"og:title\" content=\"Ties considered in determining residency status | Effisca\" \/>\n<meta property=\"og:description\" content=\"If you leave Canada to move to another country, the CRA of Canada may continue to consider you a resident for income tax purposes.\" \/>\n<meta property=\"og:url\" content=\"https:\/\/www.effisca.com\/en\/ties-considered-in-determining-residency-status\/\" \/>\n<meta property=\"og:site_name\" content=\"Effisca\" \/>\n<meta property=\"article:publisher\" content=\"https:\/\/www.facebook.com\/effisca\" \/>\n<meta property=\"article:published_time\" content=\"2021-01-29T15:15:59+00:00\" \/>\n<meta property=\"article:modified_time\" content=\"2021-11-08T21:22:22+00:00\" \/>\n<meta property=\"og:image\" content=\"https:\/\/www.effisca.com\/wp-content\/uploads\/2021\/01\/canada-residency-status-effisca-tax-us.jpg\" \/>\n\t<meta property=\"og:image:width\" content=\"1920\" \/>\n\t<meta property=\"og:image:height\" content=\"1280\" \/>\n\t<meta property=\"og:image:type\" content=\"image\/jpeg\" \/>\n<meta name=\"author\" content=\"Olivier Custeau, Fiscaliste, B.A.A., M. Fisc., EA\" \/>\n<meta name=\"twitter:card\" content=\"summary_large_image\" \/>\n<meta name=\"twitter:label1\" content=\"Written by\" \/>\n\t<meta name=\"twitter:data1\" content=\"Olivier Custeau, tax expert, B.A.A., M. Fisc., EA\" \/>\n\t<meta name=\"twitter:label2\" content=\"Est. reading time\" \/>\n\t<meta name=\"twitter:data2\" content=\"2 minutes\" \/>\n<script type=\"application\/ld+json\" class=\"yoast-schema-graph\">{\"@context\":\"https:\\\/\\\/schema.org\",\"@graph\":[{\"@type\":\"Article\",\"@id\":\"https:\\\/\\\/www.effisca.com\\\/en\\\/ties-considered-in-determining-residency-status\\\/#article\",\"isPartOf\":{\"@id\":\"https:\\\/\\\/www.effisca.com\\\/en\\\/ties-considered-in-determining-residency-status\\\/\"},\"author\":{\"name\":\"Olivier Custeau, Fiscaliste, B.A.A., M. Fisc., EA\",\"@id\":\"https:\\\/\\\/www.effisca.com\\\/en\\\/#\\\/schema\\\/person\\\/13d86d0788abc4808425f9f21115c887\"},\"headline\":\"Ties considered in determining residency status\",\"datePublished\":\"2021-01-29T15:15:59+00:00\",\"dateModified\":\"2021-11-08T21:22:22+00:00\",\"mainEntityOfPage\":{\"@id\":\"https:\\\/\\\/www.effisca.com\\\/en\\\/ties-considered-in-determining-residency-status\\\/\"},\"wordCount\":287,\"publisher\":{\"@id\":\"https:\\\/\\\/www.effisca.com\\\/en\\\/#organization\"},\"image\":{\"@id\":\"https:\\\/\\\/www.effisca.com\\\/en\\\/ties-considered-in-determining-residency-status\\\/#primaryimage\"},\"thumbnailUrl\":\"https:\\\/\\\/www.effisca.com\\\/wp-content\\\/uploads\\\/2021\\\/01\\\/canada-residency-status-effisca-tax-us.jpg\",\"keywords\":[\"individual\",\"tax treaty\",\"tax residence\",\"fiscalit\u00e9\"],\"articleSection\":[\"Departure from Canada\"],\"inLanguage\":\"en-US\"},{\"@type\":\"WebPage\",\"@id\":\"https:\\\/\\\/www.effisca.com\\\/en\\\/ties-considered-in-determining-residency-status\\\/\",\"url\":\"https:\\\/\\\/www.effisca.com\\\/en\\\/ties-considered-in-determining-residency-status\\\/\",\"name\":\"Ties considered in determining residency status | Effisca\",\"isPartOf\":{\"@id\":\"https:\\\/\\\/www.effisca.com\\\/en\\\/#website\"},\"primaryImageOfPage\":{\"@id\":\"https:\\\/\\\/www.effisca.com\\\/en\\\/ties-considered-in-determining-residency-status\\\/#primaryimage\"},\"image\":{\"@id\":\"https:\\\/\\\/www.effisca.com\\\/en\\\/ties-considered-in-determining-residency-status\\\/#primaryimage\"},\"thumbnailUrl\":\"https:\\\/\\\/www.effisca.com\\\/wp-content\\\/uploads\\\/2021\\\/01\\\/canada-residency-status-effisca-tax-us.jpg\",\"datePublished\":\"2021-01-29T15:15:59+00:00\",\"dateModified\":\"2021-11-08T21:22:22+00:00\",\"description\":\"If you leave Canada to move to another country, the CRA of Canada may continue to consider you a resident for income tax purposes.\",\"breadcrumb\":{\"@id\":\"https:\\\/\\\/www.effisca.com\\\/en\\\/ties-considered-in-determining-residency-status\\\/#breadcrumb\"},\"inLanguage\":\"en-US\",\"potentialAction\":[{\"@type\":\"ReadAction\",\"target\":[\"https:\\\/\\\/www.effisca.com\\\/en\\\/ties-considered-in-determining-residency-status\\\/\"]}]},{\"@type\":\"ImageObject\",\"inLanguage\":\"en-US\",\"@id\":\"https:\\\/\\\/www.effisca.com\\\/en\\\/ties-considered-in-determining-residency-status\\\/#primaryimage\",\"url\":\"https:\\\/\\\/www.effisca.com\\\/wp-content\\\/uploads\\\/2021\\\/01\\\/canada-residency-status-effisca-tax-us.jpg\",\"contentUrl\":\"https:\\\/\\\/www.effisca.com\\\/wp-content\\\/uploads\\\/2021\\\/01\\\/canada-residency-status-effisca-tax-us.jpg\",\"width\":1920,\"height\":1280},{\"@type\":\"BreadcrumbList\",\"@id\":\"https:\\\/\\\/www.effisca.com\\\/en\\\/ties-considered-in-determining-residency-status\\\/#breadcrumb\",\"itemListElement\":[{\"@type\":\"ListItem\",\"position\":1,\"name\":\"Accueil\",\"item\":\"https:\\\/\\\/www.effisca.com\\\/en\\\/\"},{\"@type\":\"ListItem\",\"position\":2,\"name\":\"Ties considered in determining residency status\"}]},{\"@type\":\"WebSite\",\"@id\":\"https:\\\/\\\/www.effisca.com\\\/en\\\/#website\",\"url\":\"https:\\\/\\\/www.effisca.com\\\/en\\\/\",\"name\":\"Effisca\",\"description\":\"Tax firm specializing in Canadian, US and international tax\",\"publisher\":{\"@id\":\"https:\\\/\\\/www.effisca.com\\\/en\\\/#organization\"},\"potentialAction\":[{\"@type\":\"SearchAction\",\"target\":{\"@type\":\"EntryPoint\",\"urlTemplate\":\"https:\\\/\\\/www.effisca.com\\\/en\\\/?s={search_term_string}\"},\"query-input\":{\"@type\":\"PropertyValueSpecification\",\"valueRequired\":true,\"valueName\":\"search_term_string\"}}],\"inLanguage\":\"en-US\"},{\"@type\":\"Organization\",\"@id\":\"https:\\\/\\\/www.effisca.com\\\/en\\\/#organization\",\"name\":\"Effisca\",\"url\":\"https:\\\/\\\/www.effisca.com\\\/en\\\/\",\"logo\":{\"@type\":\"ImageObject\",\"inLanguage\":\"en-US\",\"@id\":\"https:\\\/\\\/www.effisca.com\\\/en\\\/#\\\/schema\\\/logo\\\/image\\\/\",\"url\":\"https:\\\/\\\/www.effisca.com\\\/wp-content\\\/uploads\\\/2021\\\/01\\\/effisca-logo-1.png\",\"contentUrl\":\"https:\\\/\\\/www.effisca.com\\\/wp-content\\\/uploads\\\/2021\\\/01\\\/effisca-logo-1.png\",\"width\":1200,\"height\":355,\"caption\":\"Effisca\"},\"image\":{\"@id\":\"https:\\\/\\\/www.effisca.com\\\/en\\\/#\\\/schema\\\/logo\\\/image\\\/\"},\"sameAs\":[\"https:\\\/\\\/www.facebook.com\\\/effisca\",\"https:\\\/\\\/www.linkedin.com\\\/company\\\/effisca\\\/\"]},{\"@type\":\"Person\",\"@id\":\"https:\\\/\\\/www.effisca.com\\\/en\\\/#\\\/schema\\\/person\\\/13d86d0788abc4808425f9f21115c887\",\"name\":\"Olivier Custeau, Fiscaliste, B.A.A., M. Fisc., EA\",\"image\":{\"@type\":\"ImageObject\",\"inLanguage\":\"en-US\",\"@id\":\"https:\\\/\\\/www.effisca.com\\\/wp-content\\\/litespeed\\\/avatar\\\/cafaaeca2d221a4dd49ba965325bb350.jpg?ver=1777405239\",\"url\":\"https:\\\/\\\/www.effisca.com\\\/wp-content\\\/litespeed\\\/avatar\\\/cafaaeca2d221a4dd49ba965325bb350.jpg?ver=1777405239\",\"contentUrl\":\"https:\\\/\\\/www.effisca.com\\\/wp-content\\\/litespeed\\\/avatar\\\/cafaaeca2d221a4dd49ba965325bb350.jpg?ver=1777405239\",\"caption\":\"Olivier Custeau, Fiscaliste, B.A.A., M. Fisc., EA\"},\"description\":\"D\u00e9tenteur d\u2019un baccalaur\u00e9at en administration des affaires (B.A.A.) de l\u2019Universit\u00e9 Laval et d\u2019une ma\u00eetrise en fiscalit\u00e9 (M. Fisc.) de l\u2019Universit\u00e9 de Sherbrooke, Olivier a d\u00e9velopp\u00e9 une expertise en fiscalit\u00e9 am\u00e9ricaine et internationale en travaillant au sein d\u2019un cabinet renomm\u00e9. Au fil des ans, il a d\u00e9velopp\u00e9 un int\u00e9r\u00eat marqu\u00e9 pour la fiscalit\u00e9 am\u00e9ricaine. D\u2019ailleurs, il a obtenu 2019 le statut de Enrolled Agent, soit le plus haut niveau qu\u2019un professionnel peut atteindre pour repr\u00e9senter ses clients aupr\u00e8s de l\u2019Internal Revenue Service (IRS). Reconnu pour son approche rigoureuse, dynamique et humaine, Olivier est un atout pour l\u2019\u00e9quipe.\",\"url\":\"https:\\\/\\\/www.effisca.com\\\/en\\\/author\\\/olivier-custeau\\\/\"}]}<\/script>\n<!-- \/ Yoast SEO plugin. -->","yoast_head_json":{"title":"Ties considered in determining residency status | Effisca","description":"If you leave Canada to move to another country, the CRA of Canada may continue to consider you a resident for income tax purposes.","robots":{"index":"index","follow":"follow","max-snippet":"max-snippet:-1","max-image-preview":"max-image-preview:large","max-video-preview":"max-video-preview:-1"},"canonical":"https:\/\/www.effisca.com\/en\/ties-considered-in-determining-residency-status\/","og_locale":"en_US","og_type":"article","og_title":"Ties considered in determining residency status | Effisca","og_description":"If you leave Canada to move to another country, the CRA of Canada may continue to consider you a resident for income tax purposes.","og_url":"https:\/\/www.effisca.com\/en\/ties-considered-in-determining-residency-status\/","og_site_name":"Effisca","article_publisher":"https:\/\/www.facebook.com\/effisca","article_published_time":"2021-01-29T15:15:59+00:00","article_modified_time":"2021-11-08T21:22:22+00:00","og_image":[{"width":1920,"height":1280,"url":"https:\/\/www.effisca.com\/wp-content\/uploads\/2021\/01\/canada-residency-status-effisca-tax-us.jpg","type":"image\/jpeg"}],"author":"Olivier Custeau, Fiscaliste, B.A.A., M. Fisc., EA","twitter_card":"summary_large_image","twitter_misc":{"Written by":"Olivier Custeau, tax expert, B.A.A., M. Fisc., EA","Est. reading time":"2 minutes"},"schema":{"@context":"https:\/\/schema.org","@graph":[{"@type":"Article","@id":"https:\/\/www.effisca.com\/en\/ties-considered-in-determining-residency-status\/#article","isPartOf":{"@id":"https:\/\/www.effisca.com\/en\/ties-considered-in-determining-residency-status\/"},"author":{"name":"Olivier Custeau, Fiscaliste, B.A.A., M. Fisc., EA","@id":"https:\/\/www.effisca.com\/en\/#\/schema\/person\/13d86d0788abc4808425f9f21115c887"},"headline":"Ties considered in determining residency status","datePublished":"2021-01-29T15:15:59+00:00","dateModified":"2021-11-08T21:22:22+00:00","mainEntityOfPage":{"@id":"https:\/\/www.effisca.com\/en\/ties-considered-in-determining-residency-status\/"},"wordCount":287,"publisher":{"@id":"https:\/\/www.effisca.com\/en\/#organization"},"image":{"@id":"https:\/\/www.effisca.com\/en\/ties-considered-in-determining-residency-status\/#primaryimage"},"thumbnailUrl":"https:\/\/www.effisca.com\/wp-content\/uploads\/2021\/01\/canada-residency-status-effisca-tax-us.jpg","keywords":["individual","tax treaty","tax residence","fiscalit\u00e9"],"articleSection":["Departure from Canada"],"inLanguage":"en-US"},{"@type":"WebPage","@id":"https:\/\/www.effisca.com\/en\/ties-considered-in-determining-residency-status\/","url":"https:\/\/www.effisca.com\/en\/ties-considered-in-determining-residency-status\/","name":"Ties considered in determining residency status | Effisca","isPartOf":{"@id":"https:\/\/www.effisca.com\/en\/#website"},"primaryImageOfPage":{"@id":"https:\/\/www.effisca.com\/en\/ties-considered-in-determining-residency-status\/#primaryimage"},"image":{"@id":"https:\/\/www.effisca.com\/en\/ties-considered-in-determining-residency-status\/#primaryimage"},"thumbnailUrl":"https:\/\/www.effisca.com\/wp-content\/uploads\/2021\/01\/canada-residency-status-effisca-tax-us.jpg","datePublished":"2021-01-29T15:15:59+00:00","dateModified":"2021-11-08T21:22:22+00:00","description":"If you leave Canada to move to another country, the CRA of Canada may continue to consider you a resident for income tax purposes.","breadcrumb":{"@id":"https:\/\/www.effisca.com\/en\/ties-considered-in-determining-residency-status\/#breadcrumb"},"inLanguage":"en-US","potentialAction":[{"@type":"ReadAction","target":["https:\/\/www.effisca.com\/en\/ties-considered-in-determining-residency-status\/"]}]},{"@type":"ImageObject","inLanguage":"en-US","@id":"https:\/\/www.effisca.com\/en\/ties-considered-in-determining-residency-status\/#primaryimage","url":"https:\/\/www.effisca.com\/wp-content\/uploads\/2021\/01\/canada-residency-status-effisca-tax-us.jpg","contentUrl":"https:\/\/www.effisca.com\/wp-content\/uploads\/2021\/01\/canada-residency-status-effisca-tax-us.jpg","width":1920,"height":1280},{"@type":"BreadcrumbList","@id":"https:\/\/www.effisca.com\/en\/ties-considered-in-determining-residency-status\/#breadcrumb","itemListElement":[{"@type":"ListItem","position":1,"name":"Accueil","item":"https:\/\/www.effisca.com\/en\/"},{"@type":"ListItem","position":2,"name":"Ties considered in determining residency status"}]},{"@type":"WebSite","@id":"https:\/\/www.effisca.com\/en\/#website","url":"https:\/\/www.effisca.com\/en\/","name":"Effisca","description":"Tax firm specializing in Canadian, US and international tax","publisher":{"@id":"https:\/\/www.effisca.com\/en\/#organization"},"potentialAction":[{"@type":"SearchAction","target":{"@type":"EntryPoint","urlTemplate":"https:\/\/www.effisca.com\/en\/?s={search_term_string}"},"query-input":{"@type":"PropertyValueSpecification","valueRequired":true,"valueName":"search_term_string"}}],"inLanguage":"en-US"},{"@type":"Organization","@id":"https:\/\/www.effisca.com\/en\/#organization","name":"Effisca","url":"https:\/\/www.effisca.com\/en\/","logo":{"@type":"ImageObject","inLanguage":"en-US","@id":"https:\/\/www.effisca.com\/en\/#\/schema\/logo\/image\/","url":"https:\/\/www.effisca.com\/wp-content\/uploads\/2021\/01\/effisca-logo-1.png","contentUrl":"https:\/\/www.effisca.com\/wp-content\/uploads\/2021\/01\/effisca-logo-1.png","width":1200,"height":355,"caption":"Effisca"},"image":{"@id":"https:\/\/www.effisca.com\/en\/#\/schema\/logo\/image\/"},"sameAs":["https:\/\/www.facebook.com\/effisca","https:\/\/www.linkedin.com\/company\/effisca\/"]},{"@type":"Person","@id":"https:\/\/www.effisca.com\/en\/#\/schema\/person\/13d86d0788abc4808425f9f21115c887","name":"Olivier Custeau, Fiscaliste, B.A.A., M. Fisc., EA","image":{"@type":"ImageObject","inLanguage":"en-US","@id":"https:\/\/www.effisca.com\/wp-content\/litespeed\/avatar\/cafaaeca2d221a4dd49ba965325bb350.jpg?ver=1777405239","url":"https:\/\/www.effisca.com\/wp-content\/litespeed\/avatar\/cafaaeca2d221a4dd49ba965325bb350.jpg?ver=1777405239","contentUrl":"https:\/\/www.effisca.com\/wp-content\/litespeed\/avatar\/cafaaeca2d221a4dd49ba965325bb350.jpg?ver=1777405239","caption":"Olivier Custeau, Fiscaliste, B.A.A., M. Fisc., EA"},"description":"D\u00e9tenteur d\u2019un baccalaur\u00e9at en administration des affaires (B.A.A.) de l\u2019Universit\u00e9 Laval et d\u2019une ma\u00eetrise en fiscalit\u00e9 (M. Fisc.) de l\u2019Universit\u00e9 de Sherbrooke, Olivier a d\u00e9velopp\u00e9 une expertise en fiscalit\u00e9 am\u00e9ricaine et internationale en travaillant au sein d\u2019un cabinet renomm\u00e9. Au fil des ans, il a d\u00e9velopp\u00e9 un int\u00e9r\u00eat marqu\u00e9 pour la fiscalit\u00e9 am\u00e9ricaine. D\u2019ailleurs, il a obtenu 2019 le statut de Enrolled Agent, soit le plus haut niveau qu\u2019un professionnel peut atteindre pour repr\u00e9senter ses clients aupr\u00e8s de l\u2019Internal Revenue Service (IRS). Reconnu pour son approche rigoureuse, dynamique et humaine, Olivier est un atout pour l\u2019\u00e9quipe.","url":"https:\/\/www.effisca.com\/en\/author\/olivier-custeau\/"}]}},"_links":{"self":[{"href":"https:\/\/www.effisca.com\/en\/wp-json\/wp\/v2\/posts\/6232","targetHints":{"allow":["GET"]}}],"collection":[{"href":"https:\/\/www.effisca.com\/en\/wp-json\/wp\/v2\/posts"}],"about":[{"href":"https:\/\/www.effisca.com\/en\/wp-json\/wp\/v2\/types\/post"}],"author":[{"embeddable":true,"href":"https:\/\/www.effisca.com\/en\/wp-json\/wp\/v2\/users\/5"}],"replies":[{"embeddable":true,"href":"https:\/\/www.effisca.com\/en\/wp-json\/wp\/v2\/comments?post=6232"}],"version-history":[{"count":8,"href":"https:\/\/www.effisca.com\/en\/wp-json\/wp\/v2\/posts\/6232\/revisions"}],"predecessor-version":[{"id":6481,"href":"https:\/\/www.effisca.com\/en\/wp-json\/wp\/v2\/posts\/6232\/revisions\/6481"}],"wp:featuredmedia":[{"embeddable":true,"href":"https:\/\/www.effisca.com\/en\/wp-json\/wp\/v2\/media\/7644"}],"wp:attachment":[{"href":"https:\/\/www.effisca.com\/en\/wp-json\/wp\/v2\/media?parent=6232"}],"wp:term":[{"taxonomy":"category","embeddable":true,"href":"https:\/\/www.effisca.com\/en\/wp-json\/wp\/v2\/categories?post=6232"},{"taxonomy":"post_tag","embeddable":true,"href":"https:\/\/www.effisca.com\/en\/wp-json\/wp\/v2\/tags?post=6232"}],"curies":[{"name":"wp","href":"https:\/\/api.w.org\/{rel}","templated":true}]}}