{"id":6225,"date":"2021-02-05T09:47:04","date_gmt":"2021-02-05T14:47:04","guid":{"rendered":"https:\/\/www.effisca.com\/leaving-canada-beware-of-the-tax-consequences\/"},"modified":"2021-05-03T11:04:55","modified_gmt":"2021-05-03T15:04:55","slug":"leaving-canada-beware-of-the-tax-consequences","status":"publish","type":"post","link":"https:\/\/www.effisca.com\/en\/leaving-canada-beware-of-the-tax-consequences\/","title":{"rendered":"Leaving Canada: beware of the tax consequences"},"content":{"rendered":"\n<p>There it is. You have made the decision to leave Canada permanently. Since this is not without tax consequences, such a decision should not be taken lightly. Whatever your reason for emigrating from Canada, you will benefit from planning it well!<\/p>\n\n\n\n<h2 class=\"wp-block-heading\"><b>Deemed dispositions<\/b><\/h2>\n\n\n\n<p><span style=\"font-weight: 400;\">If you emigrated from Canada and disposed of more than one property prior to your departure, you may be subject to the <\/span><a href=\"https:\/\/www.canada.ca\/en\/revenue-agency\/services\/tax\/international-non-residents\/individuals-leaving-entering-canada-non-residents\/dispositions-property.html\"><span style=\"font-weight: 400;\">deemed disposition<\/span><\/a><span style=\"font-weight: 400;\"> rule and be taxed on the resulting capital gain, commonly known as the departure tax. This presumed sale would thus be reported on your Canadian income tax return.<\/span><\/p>\n\n\n\n<p>This deemed disposition must also appear on a form prescribed in the year of your departure, otherwise penalties may apply. If you did not meet your Canadian tax obligations the year you left, you may be eligible for the voluntary disclosure program.<\/p>\n\n\n\n<h2 class=\"wp-block-heading\"><b>Some exceptions<\/b><\/h2>\n\n\n\n<p>While most property falls under the deemed disposition, there are some exceptions:<\/p>\n\n\n\n<ul class=\"wp-block-list\"><li>property, real or immovable, situated in Canada;<\/li><li>property used in a Canadian business, if the business is carried on through a permanent establishment in Canada;<\/li><li>the excluded rights, interests or interests of the taxpayer, including registered plans and pension plans;<\/li><li>property you owned the last time you became resident in Canada or inherited after you last became resident in Canada, if you were resident in Canada for 60 months or less in the 10 years prior to emigration;<\/li><li>property you owned the last time you became resident in Canada or inherited after you last became resident in Canada, if you were resident in Canada for 60 months or less in the 10 years prior to emigration;<\/li><\/ul>\n\n\n\n<p>The first three exceptions are expressly excluded from the deemed disposition since the Canadian tax authorities retain their power to tax after departure (via declaration or withholding). Rather, the last two exceptions are short-term residents of Canada and residents who have returned to live in Canada.\r\n<\/p>\n\n\n\n<h2 class=\"wp-block-heading\"><b>Choices available<\/b><\/h2>\n\n\n\n<p>In certain situations, it could be advantageous to make the choice to dispose of the assets not covered by the departure tax in order to materialize an unrealized gain or loss. However, this choice is only allowed for the first two exceptions listed above and must be made on a specific form.<\/p>\n\n\n\n<h2 class=\"wp-block-heading\"><b>Payment deferral<\/b><\/h2>\n\n\n\n<p>Other relief measures are also available. For example, if you are unable to pay the income tax on the deemed disposition of property, you can choose to defer that payment regardless of the amount. You will then pay this tax later, without interest. To do this, you must complete form T1244.<\/p>\n\n\n\n<p>Do not hesitate to make an appointment with one of our tax experts or to submit your documents on our virtual platform. It will be our pleasure to assist you when you leave Canada and to validate which form(s) may apply to your situation.<\/p>\n","protected":false},"excerpt":{"rendered":"<p>There it is. You have made the decision to leave Canada permanently. Since this is not without tax consequences, such a decision should not be taken lightly. Whatever your reason for emigrating from Canada, you will benefit from planning it well! Deemed dispositions If you emigrated from Canada and disposed of more than one property [&hellip;]<\/p>\n","protected":false},"author":5,"featured_media":6223,"comment_status":"closed","ping_status":"closed","sticky":false,"template":"","format":"standard","meta":{"_acf_changed":false,"inline_featured_image":false,"footnotes":""},"categories":[120],"tags":[41,121,122,124,125,198,257],"class_list":["post-6225","post","type-post","status-publish","format-standard","has-post-thumbnail","hentry","category-departure-from-canada","tag-individual","tag-voluntary-disclosure","tag-international-tax","tag-departure-tax","tag-non-resident-tax","tag-emigration-from-canada-en","tag-fiscalite-en"],"acf":[],"yoast_head":"<!-- This site is optimized with the Yoast SEO plugin v27.5 - https:\/\/yoast.com\/product\/yoast-seo-wordpress\/ -->\n<title>Leaving Canada: beware of the tax consequences | Effisca<\/title>\n<meta name=\"description\" content=\"Leaving Canada permanently is not without tax consequences. Whatever your reason for emigrating, you must plan it well!\" \/>\n<meta name=\"robots\" content=\"index, follow, max-snippet:-1, max-image-preview:large, max-video-preview:-1\" \/>\n<link rel=\"canonical\" href=\"https:\/\/www.effisca.com\/en\/leaving-canada-beware-of-the-tax-consequences\/\" \/>\n<meta property=\"og:locale\" content=\"en_US\" \/>\n<meta property=\"og:type\" content=\"article\" \/>\n<meta property=\"og:title\" content=\"Leaving Canada: beware of the tax consequences | Effisca\" \/>\n<meta property=\"og:description\" content=\"Leaving Canada permanently is not without tax consequences. Whatever your reason for emigrating, you must plan it well!\" \/>\n<meta property=\"og:url\" content=\"https:\/\/www.effisca.com\/en\/leaving-canada-beware-of-the-tax-consequences\/\" \/>\n<meta property=\"og:site_name\" content=\"Effisca\" \/>\n<meta property=\"article:publisher\" content=\"https:\/\/www.facebook.com\/effisca\" \/>\n<meta property=\"article:published_time\" content=\"2021-02-05T14:47:04+00:00\" \/>\n<meta property=\"article:modified_time\" content=\"2021-05-03T15:04:55+00:00\" \/>\n<meta property=\"og:image\" content=\"https:\/\/www.effisca.com\/wp-content\/uploads\/2021\/04\/emigration-du-canada-disposition-presumee-effisca-fiscalite.jpg\" \/>\n\t<meta property=\"og:image:width\" content=\"1920\" \/>\n\t<meta property=\"og:image:height\" content=\"1088\" \/>\n\t<meta property=\"og:image:type\" content=\"image\/jpeg\" \/>\n<meta name=\"author\" content=\"Olivier Custeau, Fiscaliste, B.A.A., M. Fisc., EA\" \/>\n<meta name=\"twitter:card\" content=\"summary_large_image\" \/>\n<meta name=\"twitter:label1\" content=\"Written by\" \/>\n\t<meta name=\"twitter:data1\" content=\"Olivier Custeau, tax expert, B.A.A., M. Fisc., EA\" \/>\n\t<meta name=\"twitter:label2\" content=\"Est. reading time\" \/>\n\t<meta name=\"twitter:data2\" content=\"3 minutes\" \/>\n<script type=\"application\/ld+json\" class=\"yoast-schema-graph\">{\"@context\":\"https:\\\/\\\/schema.org\",\"@graph\":[{\"@type\":\"Article\",\"@id\":\"https:\\\/\\\/www.effisca.com\\\/en\\\/leaving-canada-beware-of-the-tax-consequences\\\/#article\",\"isPartOf\":{\"@id\":\"https:\\\/\\\/www.effisca.com\\\/en\\\/leaving-canada-beware-of-the-tax-consequences\\\/\"},\"author\":{\"name\":\"Olivier Custeau, Fiscaliste, B.A.A., M. Fisc., EA\",\"@id\":\"https:\\\/\\\/www.effisca.com\\\/en\\\/#\\\/schema\\\/person\\\/13d86d0788abc4808425f9f21115c887\"},\"headline\":\"Leaving Canada: beware of the tax consequences\",\"datePublished\":\"2021-02-05T14:47:04+00:00\",\"dateModified\":\"2021-05-03T15:04:55+00:00\",\"mainEntityOfPage\":{\"@id\":\"https:\\\/\\\/www.effisca.com\\\/en\\\/leaving-canada-beware-of-the-tax-consequences\\\/\"},\"wordCount\":468,\"publisher\":{\"@id\":\"https:\\\/\\\/www.effisca.com\\\/en\\\/#organization\"},\"image\":{\"@id\":\"https:\\\/\\\/www.effisca.com\\\/en\\\/leaving-canada-beware-of-the-tax-consequences\\\/#primaryimage\"},\"thumbnailUrl\":\"https:\\\/\\\/www.effisca.com\\\/wp-content\\\/uploads\\\/2021\\\/04\\\/emigration-du-canada-disposition-presumee-effisca-fiscalite.jpg\",\"keywords\":[\"individual\",\"voluntary disclosure\",\"international tax\",\"departure tax\",\"non-resident tax\",\"emigration from Canada\",\"fiscalit\u00e9\"],\"articleSection\":[\"Departure from Canada\"],\"inLanguage\":\"en-US\"},{\"@type\":\"WebPage\",\"@id\":\"https:\\\/\\\/www.effisca.com\\\/en\\\/leaving-canada-beware-of-the-tax-consequences\\\/\",\"url\":\"https:\\\/\\\/www.effisca.com\\\/en\\\/leaving-canada-beware-of-the-tax-consequences\\\/\",\"name\":\"Leaving Canada: beware of the tax consequences | Effisca\",\"isPartOf\":{\"@id\":\"https:\\\/\\\/www.effisca.com\\\/en\\\/#website\"},\"primaryImageOfPage\":{\"@id\":\"https:\\\/\\\/www.effisca.com\\\/en\\\/leaving-canada-beware-of-the-tax-consequences\\\/#primaryimage\"},\"image\":{\"@id\":\"https:\\\/\\\/www.effisca.com\\\/en\\\/leaving-canada-beware-of-the-tax-consequences\\\/#primaryimage\"},\"thumbnailUrl\":\"https:\\\/\\\/www.effisca.com\\\/wp-content\\\/uploads\\\/2021\\\/04\\\/emigration-du-canada-disposition-presumee-effisca-fiscalite.jpg\",\"datePublished\":\"2021-02-05T14:47:04+00:00\",\"dateModified\":\"2021-05-03T15:04:55+00:00\",\"description\":\"Leaving Canada permanently is not without tax consequences. Whatever your reason for emigrating, you must plan it well!\",\"breadcrumb\":{\"@id\":\"https:\\\/\\\/www.effisca.com\\\/en\\\/leaving-canada-beware-of-the-tax-consequences\\\/#breadcrumb\"},\"inLanguage\":\"en-US\",\"potentialAction\":[{\"@type\":\"ReadAction\",\"target\":[\"https:\\\/\\\/www.effisca.com\\\/en\\\/leaving-canada-beware-of-the-tax-consequences\\\/\"]}]},{\"@type\":\"ImageObject\",\"inLanguage\":\"en-US\",\"@id\":\"https:\\\/\\\/www.effisca.com\\\/en\\\/leaving-canada-beware-of-the-tax-consequences\\\/#primaryimage\",\"url\":\"https:\\\/\\\/www.effisca.com\\\/wp-content\\\/uploads\\\/2021\\\/04\\\/emigration-du-canada-disposition-presumee-effisca-fiscalite.jpg\",\"contentUrl\":\"https:\\\/\\\/www.effisca.com\\\/wp-content\\\/uploads\\\/2021\\\/04\\\/emigration-du-canada-disposition-presumee-effisca-fiscalite.jpg\",\"width\":1920,\"height\":1088},{\"@type\":\"BreadcrumbList\",\"@id\":\"https:\\\/\\\/www.effisca.com\\\/en\\\/leaving-canada-beware-of-the-tax-consequences\\\/#breadcrumb\",\"itemListElement\":[{\"@type\":\"ListItem\",\"position\":1,\"name\":\"Accueil\",\"item\":\"https:\\\/\\\/www.effisca.com\\\/en\\\/\"},{\"@type\":\"ListItem\",\"position\":2,\"name\":\"Leaving Canada: beware of the tax consequences\"}]},{\"@type\":\"WebSite\",\"@id\":\"https:\\\/\\\/www.effisca.com\\\/en\\\/#website\",\"url\":\"https:\\\/\\\/www.effisca.com\\\/en\\\/\",\"name\":\"Effisca\",\"description\":\"Tax firm specializing in Canadian, US and international tax\",\"publisher\":{\"@id\":\"https:\\\/\\\/www.effisca.com\\\/en\\\/#organization\"},\"potentialAction\":[{\"@type\":\"SearchAction\",\"target\":{\"@type\":\"EntryPoint\",\"urlTemplate\":\"https:\\\/\\\/www.effisca.com\\\/en\\\/?s={search_term_string}\"},\"query-input\":{\"@type\":\"PropertyValueSpecification\",\"valueRequired\":true,\"valueName\":\"search_term_string\"}}],\"inLanguage\":\"en-US\"},{\"@type\":\"Organization\",\"@id\":\"https:\\\/\\\/www.effisca.com\\\/en\\\/#organization\",\"name\":\"Effisca\",\"url\":\"https:\\\/\\\/www.effisca.com\\\/en\\\/\",\"logo\":{\"@type\":\"ImageObject\",\"inLanguage\":\"en-US\",\"@id\":\"https:\\\/\\\/www.effisca.com\\\/en\\\/#\\\/schema\\\/logo\\\/image\\\/\",\"url\":\"https:\\\/\\\/www.effisca.com\\\/wp-content\\\/uploads\\\/2021\\\/01\\\/effisca-logo-1.png\",\"contentUrl\":\"https:\\\/\\\/www.effisca.com\\\/wp-content\\\/uploads\\\/2021\\\/01\\\/effisca-logo-1.png\",\"width\":1200,\"height\":355,\"caption\":\"Effisca\"},\"image\":{\"@id\":\"https:\\\/\\\/www.effisca.com\\\/en\\\/#\\\/schema\\\/logo\\\/image\\\/\"},\"sameAs\":[\"https:\\\/\\\/www.facebook.com\\\/effisca\",\"https:\\\/\\\/www.linkedin.com\\\/company\\\/effisca\\\/\"]},{\"@type\":\"Person\",\"@id\":\"https:\\\/\\\/www.effisca.com\\\/en\\\/#\\\/schema\\\/person\\\/13d86d0788abc4808425f9f21115c887\",\"name\":\"Olivier Custeau, Fiscaliste, B.A.A., M. Fisc., EA\",\"image\":{\"@type\":\"ImageObject\",\"inLanguage\":\"en-US\",\"@id\":\"https:\\\/\\\/www.effisca.com\\\/wp-content\\\/litespeed\\\/avatar\\\/cafaaeca2d221a4dd49ba965325bb350.jpg?ver=1777405239\",\"url\":\"https:\\\/\\\/www.effisca.com\\\/wp-content\\\/litespeed\\\/avatar\\\/cafaaeca2d221a4dd49ba965325bb350.jpg?ver=1777405239\",\"contentUrl\":\"https:\\\/\\\/www.effisca.com\\\/wp-content\\\/litespeed\\\/avatar\\\/cafaaeca2d221a4dd49ba965325bb350.jpg?ver=1777405239\",\"caption\":\"Olivier Custeau, Fiscaliste, B.A.A., M. Fisc., EA\"},\"description\":\"D\u00e9tenteur d\u2019un baccalaur\u00e9at en administration des affaires (B.A.A.) de l\u2019Universit\u00e9 Laval et d\u2019une ma\u00eetrise en fiscalit\u00e9 (M. Fisc.) de l\u2019Universit\u00e9 de Sherbrooke, Olivier a d\u00e9velopp\u00e9 une expertise en fiscalit\u00e9 am\u00e9ricaine et internationale en travaillant au sein d\u2019un cabinet renomm\u00e9. Au fil des ans, il a d\u00e9velopp\u00e9 un int\u00e9r\u00eat marqu\u00e9 pour la fiscalit\u00e9 am\u00e9ricaine. D\u2019ailleurs, il a obtenu 2019 le statut de Enrolled Agent, soit le plus haut niveau qu\u2019un professionnel peut atteindre pour repr\u00e9senter ses clients aupr\u00e8s de l\u2019Internal Revenue Service (IRS). Reconnu pour son approche rigoureuse, dynamique et humaine, Olivier est un atout pour l\u2019\u00e9quipe.\",\"url\":\"https:\\\/\\\/www.effisca.com\\\/en\\\/author\\\/olivier-custeau\\\/\"}]}<\/script>\n<!-- \/ Yoast SEO plugin. -->","yoast_head_json":{"title":"Leaving Canada: beware of the tax consequences | Effisca","description":"Leaving Canada permanently is not without tax consequences. Whatever your reason for emigrating, you must plan it well!","robots":{"index":"index","follow":"follow","max-snippet":"max-snippet:-1","max-image-preview":"max-image-preview:large","max-video-preview":"max-video-preview:-1"},"canonical":"https:\/\/www.effisca.com\/en\/leaving-canada-beware-of-the-tax-consequences\/","og_locale":"en_US","og_type":"article","og_title":"Leaving Canada: beware of the tax consequences | Effisca","og_description":"Leaving Canada permanently is not without tax consequences. Whatever your reason for emigrating, you must plan it well!","og_url":"https:\/\/www.effisca.com\/en\/leaving-canada-beware-of-the-tax-consequences\/","og_site_name":"Effisca","article_publisher":"https:\/\/www.facebook.com\/effisca","article_published_time":"2021-02-05T14:47:04+00:00","article_modified_time":"2021-05-03T15:04:55+00:00","og_image":[{"width":1920,"height":1088,"url":"https:\/\/www.effisca.com\/wp-content\/uploads\/2021\/04\/emigration-du-canada-disposition-presumee-effisca-fiscalite.jpg","type":"image\/jpeg"}],"author":"Olivier Custeau, Fiscaliste, B.A.A., M. Fisc., EA","twitter_card":"summary_large_image","twitter_misc":{"Written by":"Olivier Custeau, tax expert, B.A.A., M. Fisc., EA","Est. reading time":"3 minutes"},"schema":{"@context":"https:\/\/schema.org","@graph":[{"@type":"Article","@id":"https:\/\/www.effisca.com\/en\/leaving-canada-beware-of-the-tax-consequences\/#article","isPartOf":{"@id":"https:\/\/www.effisca.com\/en\/leaving-canada-beware-of-the-tax-consequences\/"},"author":{"name":"Olivier Custeau, Fiscaliste, B.A.A., M. Fisc., EA","@id":"https:\/\/www.effisca.com\/en\/#\/schema\/person\/13d86d0788abc4808425f9f21115c887"},"headline":"Leaving Canada: beware of the tax consequences","datePublished":"2021-02-05T14:47:04+00:00","dateModified":"2021-05-03T15:04:55+00:00","mainEntityOfPage":{"@id":"https:\/\/www.effisca.com\/en\/leaving-canada-beware-of-the-tax-consequences\/"},"wordCount":468,"publisher":{"@id":"https:\/\/www.effisca.com\/en\/#organization"},"image":{"@id":"https:\/\/www.effisca.com\/en\/leaving-canada-beware-of-the-tax-consequences\/#primaryimage"},"thumbnailUrl":"https:\/\/www.effisca.com\/wp-content\/uploads\/2021\/04\/emigration-du-canada-disposition-presumee-effisca-fiscalite.jpg","keywords":["individual","voluntary disclosure","international tax","departure tax","non-resident tax","emigration from Canada","fiscalit\u00e9"],"articleSection":["Departure from Canada"],"inLanguage":"en-US"},{"@type":"WebPage","@id":"https:\/\/www.effisca.com\/en\/leaving-canada-beware-of-the-tax-consequences\/","url":"https:\/\/www.effisca.com\/en\/leaving-canada-beware-of-the-tax-consequences\/","name":"Leaving Canada: beware of the tax consequences | Effisca","isPartOf":{"@id":"https:\/\/www.effisca.com\/en\/#website"},"primaryImageOfPage":{"@id":"https:\/\/www.effisca.com\/en\/leaving-canada-beware-of-the-tax-consequences\/#primaryimage"},"image":{"@id":"https:\/\/www.effisca.com\/en\/leaving-canada-beware-of-the-tax-consequences\/#primaryimage"},"thumbnailUrl":"https:\/\/www.effisca.com\/wp-content\/uploads\/2021\/04\/emigration-du-canada-disposition-presumee-effisca-fiscalite.jpg","datePublished":"2021-02-05T14:47:04+00:00","dateModified":"2021-05-03T15:04:55+00:00","description":"Leaving Canada permanently is not without tax consequences. Whatever your reason for emigrating, you must plan it well!","breadcrumb":{"@id":"https:\/\/www.effisca.com\/en\/leaving-canada-beware-of-the-tax-consequences\/#breadcrumb"},"inLanguage":"en-US","potentialAction":[{"@type":"ReadAction","target":["https:\/\/www.effisca.com\/en\/leaving-canada-beware-of-the-tax-consequences\/"]}]},{"@type":"ImageObject","inLanguage":"en-US","@id":"https:\/\/www.effisca.com\/en\/leaving-canada-beware-of-the-tax-consequences\/#primaryimage","url":"https:\/\/www.effisca.com\/wp-content\/uploads\/2021\/04\/emigration-du-canada-disposition-presumee-effisca-fiscalite.jpg","contentUrl":"https:\/\/www.effisca.com\/wp-content\/uploads\/2021\/04\/emigration-du-canada-disposition-presumee-effisca-fiscalite.jpg","width":1920,"height":1088},{"@type":"BreadcrumbList","@id":"https:\/\/www.effisca.com\/en\/leaving-canada-beware-of-the-tax-consequences\/#breadcrumb","itemListElement":[{"@type":"ListItem","position":1,"name":"Accueil","item":"https:\/\/www.effisca.com\/en\/"},{"@type":"ListItem","position":2,"name":"Leaving Canada: beware of the tax consequences"}]},{"@type":"WebSite","@id":"https:\/\/www.effisca.com\/en\/#website","url":"https:\/\/www.effisca.com\/en\/","name":"Effisca","description":"Tax firm specializing in Canadian, US and international tax","publisher":{"@id":"https:\/\/www.effisca.com\/en\/#organization"},"potentialAction":[{"@type":"SearchAction","target":{"@type":"EntryPoint","urlTemplate":"https:\/\/www.effisca.com\/en\/?s={search_term_string}"},"query-input":{"@type":"PropertyValueSpecification","valueRequired":true,"valueName":"search_term_string"}}],"inLanguage":"en-US"},{"@type":"Organization","@id":"https:\/\/www.effisca.com\/en\/#organization","name":"Effisca","url":"https:\/\/www.effisca.com\/en\/","logo":{"@type":"ImageObject","inLanguage":"en-US","@id":"https:\/\/www.effisca.com\/en\/#\/schema\/logo\/image\/","url":"https:\/\/www.effisca.com\/wp-content\/uploads\/2021\/01\/effisca-logo-1.png","contentUrl":"https:\/\/www.effisca.com\/wp-content\/uploads\/2021\/01\/effisca-logo-1.png","width":1200,"height":355,"caption":"Effisca"},"image":{"@id":"https:\/\/www.effisca.com\/en\/#\/schema\/logo\/image\/"},"sameAs":["https:\/\/www.facebook.com\/effisca","https:\/\/www.linkedin.com\/company\/effisca\/"]},{"@type":"Person","@id":"https:\/\/www.effisca.com\/en\/#\/schema\/person\/13d86d0788abc4808425f9f21115c887","name":"Olivier Custeau, Fiscaliste, B.A.A., M. Fisc., EA","image":{"@type":"ImageObject","inLanguage":"en-US","@id":"https:\/\/www.effisca.com\/wp-content\/litespeed\/avatar\/cafaaeca2d221a4dd49ba965325bb350.jpg?ver=1777405239","url":"https:\/\/www.effisca.com\/wp-content\/litespeed\/avatar\/cafaaeca2d221a4dd49ba965325bb350.jpg?ver=1777405239","contentUrl":"https:\/\/www.effisca.com\/wp-content\/litespeed\/avatar\/cafaaeca2d221a4dd49ba965325bb350.jpg?ver=1777405239","caption":"Olivier Custeau, Fiscaliste, B.A.A., M. Fisc., EA"},"description":"D\u00e9tenteur d\u2019un baccalaur\u00e9at en administration des affaires (B.A.A.) de l\u2019Universit\u00e9 Laval et d\u2019une ma\u00eetrise en fiscalit\u00e9 (M. Fisc.) de l\u2019Universit\u00e9 de Sherbrooke, Olivier a d\u00e9velopp\u00e9 une expertise en fiscalit\u00e9 am\u00e9ricaine et internationale en travaillant au sein d\u2019un cabinet renomm\u00e9. Au fil des ans, il a d\u00e9velopp\u00e9 un int\u00e9r\u00eat marqu\u00e9 pour la fiscalit\u00e9 am\u00e9ricaine. D\u2019ailleurs, il a obtenu 2019 le statut de Enrolled Agent, soit le plus haut niveau qu\u2019un professionnel peut atteindre pour repr\u00e9senter ses clients aupr\u00e8s de l\u2019Internal Revenue Service (IRS). Reconnu pour son approche rigoureuse, dynamique et humaine, Olivier est un atout pour l\u2019\u00e9quipe.","url":"https:\/\/www.effisca.com\/en\/author\/olivier-custeau\/"}]}},"_links":{"self":[{"href":"https:\/\/www.effisca.com\/en\/wp-json\/wp\/v2\/posts\/6225","targetHints":{"allow":["GET"]}}],"collection":[{"href":"https:\/\/www.effisca.com\/en\/wp-json\/wp\/v2\/posts"}],"about":[{"href":"https:\/\/www.effisca.com\/en\/wp-json\/wp\/v2\/types\/post"}],"author":[{"embeddable":true,"href":"https:\/\/www.effisca.com\/en\/wp-json\/wp\/v2\/users\/5"}],"replies":[{"embeddable":true,"href":"https:\/\/www.effisca.com\/en\/wp-json\/wp\/v2\/comments?post=6225"}],"version-history":[{"count":5,"href":"https:\/\/www.effisca.com\/en\/wp-json\/wp\/v2\/posts\/6225\/revisions"}],"predecessor-version":[{"id":6482,"href":"https:\/\/www.effisca.com\/en\/wp-json\/wp\/v2\/posts\/6225\/revisions\/6482"}],"wp:featuredmedia":[{"embeddable":true,"href":"https:\/\/www.effisca.com\/en\/wp-json\/wp\/v2\/media\/6223"}],"wp:attachment":[{"href":"https:\/\/www.effisca.com\/en\/wp-json\/wp\/v2\/media?parent=6225"}],"wp:term":[{"taxonomy":"category","embeddable":true,"href":"https:\/\/www.effisca.com\/en\/wp-json\/wp\/v2\/categories?post=6225"},{"taxonomy":"post_tag","embeddable":true,"href":"https:\/\/www.effisca.com\/en\/wp-json\/wp\/v2\/tags?post=6225"}],"curies":[{"name":"wp","href":"https:\/\/api.w.org\/{rel}","templated":true}]}}