{"id":6218,"date":"2021-02-12T09:35:00","date_gmt":"2021-02-12T14:35:00","guid":{"rendered":"https:\/\/www.effisca.com\/deferring-the-departure-tax-guarantees-required\/"},"modified":"2021-11-08T16:17:25","modified_gmt":"2021-11-08T21:17:25","slug":"deferring-the-departure-tax-guarantees-required","status":"publish","type":"post","link":"https:\/\/www.effisca.com\/en\/deferring-the-departure-tax-guarantees-required\/","title":{"rendered":"Deferring the departure tax: guarantees required"},"content":{"rendered":"\n<p><span style=\"font-weight: 400;\">When leaving Canada, tax consequences may arise if the property you owned immediately prior to your departure is subject to the deemed disposition. Although this fictitious disposition must be reported on your Canadian income tax return in the year you leave, you could, if you wish, request to defer payment of income tax relating to the deemed disposition of the property by making the election provided for in the Income Tax Act.<\/span><\/p>\n\n\n\n<p>To do this, you will need to provide sufficient security to cover the amount of federal tax. In addition, you may need to provide security to cover provincial or territorial tax payable, as applicable. Depending on the capital gain that arises from the deemed disposition, the type of security will vary.<\/p>\n\n\n\n<h2 class=\"wp-block-heading\"><b>Guarantee required<\/b><\/h2>\n\n\n\n<p>In order for the election to be valid, Form T1244 must be completed and attached to your Canadian income tax return, specifying the amount of tax to be carried forward. If the capital gain exceeds $50,000, you will need to provide adequate security. For example, you can pledge shares you own as security. If these are shares of a private company, additional details will need to be provided. Otherwise, if the gain does not exceed $50,000, your guarantee will be deemed sufficient and you will not have to provide anything.<\/p>\n\n\n\n<p>Finally, the departure tax must be paid when you have actually disposed of the property or if the guarantee ceases to be sufficient. At this time, interest and penalties may apply on any unpaid balance due.<\/p>\n\n\n\n<p>If you would like to know more about the departure tax and the options available, do not hesitate to make an appointment with one of our tax experts; we have the expertise to assist you.<\/p>\n","protected":false},"excerpt":{"rendered":"<p>If you wish to defer payment of income tax relating to the deemed disposition of property, adequate security may be required.<\/p>\n","protected":false},"author":5,"featured_media":7642,"comment_status":"closed","ping_status":"closed","sticky":false,"template":"","format":"standard","meta":{"_acf_changed":false,"inline_featured_image":false,"footnotes":""},"categories":[120],"tags":[41,121,122,124,198,199,257],"class_list":["post-6218","post","type-post","status-publish","format-standard","has-post-thumbnail","hentry","category-departure-from-canada","tag-individual","tag-voluntary-disclosure","tag-international-tax","tag-departure-tax","tag-emigration-from-canada-en","tag-deemed-disposition","tag-fiscalite-en"],"acf":[],"yoast_head":"<!-- This site is optimized with the Yoast SEO plugin v27.5 - https:\/\/yoast.com\/product\/yoast-seo-wordpress\/ -->\n<title>Deferring the departure tax: guarantees required | Effisca<\/title>\n<meta name=\"description\" content=\"If you wish to defer payment of income tax relating to the deemed disposition of property, adequate security may be required.\" \/>\n<meta name=\"robots\" content=\"index, follow, max-snippet:-1, max-image-preview:large, max-video-preview:-1\" \/>\n<link rel=\"canonical\" href=\"https:\/\/www.effisca.com\/en\/deferring-the-departure-tax-guarantees-required\/\" \/>\n<meta property=\"og:locale\" content=\"en_US\" \/>\n<meta property=\"og:type\" content=\"article\" \/>\n<meta property=\"og:title\" content=\"Deferring the departure tax: guarantees required | Effisca\" \/>\n<meta property=\"og:description\" content=\"If you wish to defer payment of income tax relating to the deemed disposition of property, adequate security may be required.\" \/>\n<meta property=\"og:url\" content=\"https:\/\/www.effisca.com\/en\/deferring-the-departure-tax-guarantees-required\/\" \/>\n<meta property=\"og:site_name\" content=\"Effisca\" \/>\n<meta property=\"article:publisher\" content=\"https:\/\/www.facebook.com\/effisca\" \/>\n<meta property=\"article:published_time\" content=\"2021-02-12T14:35:00+00:00\" \/>\n<meta property=\"article:modified_time\" content=\"2021-11-08T21:17:25+00:00\" \/>\n<meta property=\"og:image\" content=\"https:\/\/www.effisca.com\/wp-content\/uploads\/2021\/02\/jeshoots-com-mSESwdMZr-A-unsplash-scaled.jpg\" \/>\n\t<meta property=\"og:image:width\" content=\"2560\" \/>\n\t<meta property=\"og:image:height\" content=\"1707\" \/>\n\t<meta property=\"og:image:type\" content=\"image\/jpeg\" \/>\n<meta name=\"author\" content=\"Olivier Custeau, Fiscaliste, B.A.A., M. Fisc., EA\" \/>\n<meta name=\"twitter:card\" content=\"summary_large_image\" \/>\n<meta name=\"twitter:label1\" content=\"Written by\" \/>\n\t<meta name=\"twitter:data1\" content=\"Olivier Custeau, tax expert, B.A.A., M. Fisc., EA\" \/>\n\t<meta name=\"twitter:label2\" content=\"Est. reading time\" \/>\n\t<meta name=\"twitter:data2\" content=\"2 minutes\" \/>\n<script type=\"application\/ld+json\" class=\"yoast-schema-graph\">{\"@context\":\"https:\\\/\\\/schema.org\",\"@graph\":[{\"@type\":\"Article\",\"@id\":\"https:\\\/\\\/www.effisca.com\\\/en\\\/deferring-the-departure-tax-guarantees-required\\\/#article\",\"isPartOf\":{\"@id\":\"https:\\\/\\\/www.effisca.com\\\/en\\\/deferring-the-departure-tax-guarantees-required\\\/\"},\"author\":{\"name\":\"Olivier Custeau, Fiscaliste, B.A.A., M. Fisc., EA\",\"@id\":\"https:\\\/\\\/www.effisca.com\\\/en\\\/#\\\/schema\\\/person\\\/13d86d0788abc4808425f9f21115c887\"},\"headline\":\"Deferring the departure tax: guarantees required\",\"datePublished\":\"2021-02-12T14:35:00+00:00\",\"dateModified\":\"2021-11-08T21:17:25+00:00\",\"mainEntityOfPage\":{\"@id\":\"https:\\\/\\\/www.effisca.com\\\/en\\\/deferring-the-departure-tax-guarantees-required\\\/\"},\"wordCount\":290,\"publisher\":{\"@id\":\"https:\\\/\\\/www.effisca.com\\\/en\\\/#organization\"},\"image\":{\"@id\":\"https:\\\/\\\/www.effisca.com\\\/en\\\/deferring-the-departure-tax-guarantees-required\\\/#primaryimage\"},\"thumbnailUrl\":\"https:\\\/\\\/www.effisca.com\\\/wp-content\\\/uploads\\\/2021\\\/02\\\/jeshoots-com-mSESwdMZr-A-unsplash-scaled.jpg\",\"keywords\":[\"individual\",\"voluntary disclosure\",\"international tax\",\"departure tax\",\"emigration from Canada\",\"deemed disposition\",\"fiscalit\u00e9\"],\"articleSection\":[\"Departure from Canada\"],\"inLanguage\":\"en-US\"},{\"@type\":\"WebPage\",\"@id\":\"https:\\\/\\\/www.effisca.com\\\/en\\\/deferring-the-departure-tax-guarantees-required\\\/\",\"url\":\"https:\\\/\\\/www.effisca.com\\\/en\\\/deferring-the-departure-tax-guarantees-required\\\/\",\"name\":\"Deferring the departure tax: guarantees required | Effisca\",\"isPartOf\":{\"@id\":\"https:\\\/\\\/www.effisca.com\\\/en\\\/#website\"},\"primaryImageOfPage\":{\"@id\":\"https:\\\/\\\/www.effisca.com\\\/en\\\/deferring-the-departure-tax-guarantees-required\\\/#primaryimage\"},\"image\":{\"@id\":\"https:\\\/\\\/www.effisca.com\\\/en\\\/deferring-the-departure-tax-guarantees-required\\\/#primaryimage\"},\"thumbnailUrl\":\"https:\\\/\\\/www.effisca.com\\\/wp-content\\\/uploads\\\/2021\\\/02\\\/jeshoots-com-mSESwdMZr-A-unsplash-scaled.jpg\",\"datePublished\":\"2021-02-12T14:35:00+00:00\",\"dateModified\":\"2021-11-08T21:17:25+00:00\",\"description\":\"If you wish to defer payment of income tax relating to the deemed disposition of property, adequate security may be required.\",\"breadcrumb\":{\"@id\":\"https:\\\/\\\/www.effisca.com\\\/en\\\/deferring-the-departure-tax-guarantees-required\\\/#breadcrumb\"},\"inLanguage\":\"en-US\",\"potentialAction\":[{\"@type\":\"ReadAction\",\"target\":[\"https:\\\/\\\/www.effisca.com\\\/en\\\/deferring-the-departure-tax-guarantees-required\\\/\"]}]},{\"@type\":\"ImageObject\",\"inLanguage\":\"en-US\",\"@id\":\"https:\\\/\\\/www.effisca.com\\\/en\\\/deferring-the-departure-tax-guarantees-required\\\/#primaryimage\",\"url\":\"https:\\\/\\\/www.effisca.com\\\/wp-content\\\/uploads\\\/2021\\\/02\\\/jeshoots-com-mSESwdMZr-A-unsplash-scaled.jpg\",\"contentUrl\":\"https:\\\/\\\/www.effisca.com\\\/wp-content\\\/uploads\\\/2021\\\/02\\\/jeshoots-com-mSESwdMZr-A-unsplash-scaled.jpg\",\"width\":2560,\"height\":1707},{\"@type\":\"BreadcrumbList\",\"@id\":\"https:\\\/\\\/www.effisca.com\\\/en\\\/deferring-the-departure-tax-guarantees-required\\\/#breadcrumb\",\"itemListElement\":[{\"@type\":\"ListItem\",\"position\":1,\"name\":\"Accueil\",\"item\":\"https:\\\/\\\/www.effisca.com\\\/en\\\/\"},{\"@type\":\"ListItem\",\"position\":2,\"name\":\"Deferring the departure tax: guarantees required\"}]},{\"@type\":\"WebSite\",\"@id\":\"https:\\\/\\\/www.effisca.com\\\/en\\\/#website\",\"url\":\"https:\\\/\\\/www.effisca.com\\\/en\\\/\",\"name\":\"Effisca\",\"description\":\"Tax firm specializing in Canadian, US and international tax\",\"publisher\":{\"@id\":\"https:\\\/\\\/www.effisca.com\\\/en\\\/#organization\"},\"potentialAction\":[{\"@type\":\"SearchAction\",\"target\":{\"@type\":\"EntryPoint\",\"urlTemplate\":\"https:\\\/\\\/www.effisca.com\\\/en\\\/?s={search_term_string}\"},\"query-input\":{\"@type\":\"PropertyValueSpecification\",\"valueRequired\":true,\"valueName\":\"search_term_string\"}}],\"inLanguage\":\"en-US\"},{\"@type\":\"Organization\",\"@id\":\"https:\\\/\\\/www.effisca.com\\\/en\\\/#organization\",\"name\":\"Effisca\",\"url\":\"https:\\\/\\\/www.effisca.com\\\/en\\\/\",\"logo\":{\"@type\":\"ImageObject\",\"inLanguage\":\"en-US\",\"@id\":\"https:\\\/\\\/www.effisca.com\\\/en\\\/#\\\/schema\\\/logo\\\/image\\\/\",\"url\":\"https:\\\/\\\/www.effisca.com\\\/wp-content\\\/uploads\\\/2021\\\/01\\\/effisca-logo-1.png\",\"contentUrl\":\"https:\\\/\\\/www.effisca.com\\\/wp-content\\\/uploads\\\/2021\\\/01\\\/effisca-logo-1.png\",\"width\":1200,\"height\":355,\"caption\":\"Effisca\"},\"image\":{\"@id\":\"https:\\\/\\\/www.effisca.com\\\/en\\\/#\\\/schema\\\/logo\\\/image\\\/\"},\"sameAs\":[\"https:\\\/\\\/www.facebook.com\\\/effisca\",\"https:\\\/\\\/www.linkedin.com\\\/company\\\/effisca\\\/\"]},{\"@type\":\"Person\",\"@id\":\"https:\\\/\\\/www.effisca.com\\\/en\\\/#\\\/schema\\\/person\\\/13d86d0788abc4808425f9f21115c887\",\"name\":\"Olivier Custeau, Fiscaliste, B.A.A., M. Fisc., EA\",\"image\":{\"@type\":\"ImageObject\",\"inLanguage\":\"en-US\",\"@id\":\"https:\\\/\\\/www.effisca.com\\\/wp-content\\\/litespeed\\\/avatar\\\/cafaaeca2d221a4dd49ba965325bb350.jpg?ver=1777405239\",\"url\":\"https:\\\/\\\/www.effisca.com\\\/wp-content\\\/litespeed\\\/avatar\\\/cafaaeca2d221a4dd49ba965325bb350.jpg?ver=1777405239\",\"contentUrl\":\"https:\\\/\\\/www.effisca.com\\\/wp-content\\\/litespeed\\\/avatar\\\/cafaaeca2d221a4dd49ba965325bb350.jpg?ver=1777405239\",\"caption\":\"Olivier Custeau, Fiscaliste, B.A.A., M. Fisc., EA\"},\"description\":\"D\u00e9tenteur d\u2019un baccalaur\u00e9at en administration des affaires (B.A.A.) de l\u2019Universit\u00e9 Laval et d\u2019une ma\u00eetrise en fiscalit\u00e9 (M. Fisc.) de l\u2019Universit\u00e9 de Sherbrooke, Olivier a d\u00e9velopp\u00e9 une expertise en fiscalit\u00e9 am\u00e9ricaine et internationale en travaillant au sein d\u2019un cabinet renomm\u00e9. Au fil des ans, il a d\u00e9velopp\u00e9 un int\u00e9r\u00eat marqu\u00e9 pour la fiscalit\u00e9 am\u00e9ricaine. D\u2019ailleurs, il a obtenu 2019 le statut de Enrolled Agent, soit le plus haut niveau qu\u2019un professionnel peut atteindre pour repr\u00e9senter ses clients aupr\u00e8s de l\u2019Internal Revenue Service (IRS). Reconnu pour son approche rigoureuse, dynamique et humaine, Olivier est un atout pour l\u2019\u00e9quipe.\",\"url\":\"https:\\\/\\\/www.effisca.com\\\/en\\\/author\\\/olivier-custeau\\\/\"}]}<\/script>\n<!-- \/ Yoast SEO plugin. -->","yoast_head_json":{"title":"Deferring the departure tax: guarantees required | Effisca","description":"If you wish to defer payment of income tax relating to the deemed disposition of property, adequate security may be required.","robots":{"index":"index","follow":"follow","max-snippet":"max-snippet:-1","max-image-preview":"max-image-preview:large","max-video-preview":"max-video-preview:-1"},"canonical":"https:\/\/www.effisca.com\/en\/deferring-the-departure-tax-guarantees-required\/","og_locale":"en_US","og_type":"article","og_title":"Deferring the departure tax: guarantees required | Effisca","og_description":"If you wish to defer payment of income tax relating to the deemed disposition of property, adequate security may be required.","og_url":"https:\/\/www.effisca.com\/en\/deferring-the-departure-tax-guarantees-required\/","og_site_name":"Effisca","article_publisher":"https:\/\/www.facebook.com\/effisca","article_published_time":"2021-02-12T14:35:00+00:00","article_modified_time":"2021-11-08T21:17:25+00:00","og_image":[{"width":2560,"height":1707,"url":"https:\/\/www.effisca.com\/wp-content\/uploads\/2021\/02\/jeshoots-com-mSESwdMZr-A-unsplash-scaled.jpg","type":"image\/jpeg"}],"author":"Olivier Custeau, Fiscaliste, B.A.A., M. Fisc., EA","twitter_card":"summary_large_image","twitter_misc":{"Written by":"Olivier Custeau, tax expert, B.A.A., M. Fisc., EA","Est. reading time":"2 minutes"},"schema":{"@context":"https:\/\/schema.org","@graph":[{"@type":"Article","@id":"https:\/\/www.effisca.com\/en\/deferring-the-departure-tax-guarantees-required\/#article","isPartOf":{"@id":"https:\/\/www.effisca.com\/en\/deferring-the-departure-tax-guarantees-required\/"},"author":{"name":"Olivier Custeau, Fiscaliste, B.A.A., M. Fisc., EA","@id":"https:\/\/www.effisca.com\/en\/#\/schema\/person\/13d86d0788abc4808425f9f21115c887"},"headline":"Deferring the departure tax: guarantees required","datePublished":"2021-02-12T14:35:00+00:00","dateModified":"2021-11-08T21:17:25+00:00","mainEntityOfPage":{"@id":"https:\/\/www.effisca.com\/en\/deferring-the-departure-tax-guarantees-required\/"},"wordCount":290,"publisher":{"@id":"https:\/\/www.effisca.com\/en\/#organization"},"image":{"@id":"https:\/\/www.effisca.com\/en\/deferring-the-departure-tax-guarantees-required\/#primaryimage"},"thumbnailUrl":"https:\/\/www.effisca.com\/wp-content\/uploads\/2021\/02\/jeshoots-com-mSESwdMZr-A-unsplash-scaled.jpg","keywords":["individual","voluntary disclosure","international tax","departure tax","emigration from Canada","deemed disposition","fiscalit\u00e9"],"articleSection":["Departure from Canada"],"inLanguage":"en-US"},{"@type":"WebPage","@id":"https:\/\/www.effisca.com\/en\/deferring-the-departure-tax-guarantees-required\/","url":"https:\/\/www.effisca.com\/en\/deferring-the-departure-tax-guarantees-required\/","name":"Deferring the departure tax: guarantees required | Effisca","isPartOf":{"@id":"https:\/\/www.effisca.com\/en\/#website"},"primaryImageOfPage":{"@id":"https:\/\/www.effisca.com\/en\/deferring-the-departure-tax-guarantees-required\/#primaryimage"},"image":{"@id":"https:\/\/www.effisca.com\/en\/deferring-the-departure-tax-guarantees-required\/#primaryimage"},"thumbnailUrl":"https:\/\/www.effisca.com\/wp-content\/uploads\/2021\/02\/jeshoots-com-mSESwdMZr-A-unsplash-scaled.jpg","datePublished":"2021-02-12T14:35:00+00:00","dateModified":"2021-11-08T21:17:25+00:00","description":"If you wish to defer payment of income tax relating to the deemed disposition of property, adequate security may be required.","breadcrumb":{"@id":"https:\/\/www.effisca.com\/en\/deferring-the-departure-tax-guarantees-required\/#breadcrumb"},"inLanguage":"en-US","potentialAction":[{"@type":"ReadAction","target":["https:\/\/www.effisca.com\/en\/deferring-the-departure-tax-guarantees-required\/"]}]},{"@type":"ImageObject","inLanguage":"en-US","@id":"https:\/\/www.effisca.com\/en\/deferring-the-departure-tax-guarantees-required\/#primaryimage","url":"https:\/\/www.effisca.com\/wp-content\/uploads\/2021\/02\/jeshoots-com-mSESwdMZr-A-unsplash-scaled.jpg","contentUrl":"https:\/\/www.effisca.com\/wp-content\/uploads\/2021\/02\/jeshoots-com-mSESwdMZr-A-unsplash-scaled.jpg","width":2560,"height":1707},{"@type":"BreadcrumbList","@id":"https:\/\/www.effisca.com\/en\/deferring-the-departure-tax-guarantees-required\/#breadcrumb","itemListElement":[{"@type":"ListItem","position":1,"name":"Accueil","item":"https:\/\/www.effisca.com\/en\/"},{"@type":"ListItem","position":2,"name":"Deferring the departure tax: guarantees required"}]},{"@type":"WebSite","@id":"https:\/\/www.effisca.com\/en\/#website","url":"https:\/\/www.effisca.com\/en\/","name":"Effisca","description":"Tax firm specializing in Canadian, US and international tax","publisher":{"@id":"https:\/\/www.effisca.com\/en\/#organization"},"potentialAction":[{"@type":"SearchAction","target":{"@type":"EntryPoint","urlTemplate":"https:\/\/www.effisca.com\/en\/?s={search_term_string}"},"query-input":{"@type":"PropertyValueSpecification","valueRequired":true,"valueName":"search_term_string"}}],"inLanguage":"en-US"},{"@type":"Organization","@id":"https:\/\/www.effisca.com\/en\/#organization","name":"Effisca","url":"https:\/\/www.effisca.com\/en\/","logo":{"@type":"ImageObject","inLanguage":"en-US","@id":"https:\/\/www.effisca.com\/en\/#\/schema\/logo\/image\/","url":"https:\/\/www.effisca.com\/wp-content\/uploads\/2021\/01\/effisca-logo-1.png","contentUrl":"https:\/\/www.effisca.com\/wp-content\/uploads\/2021\/01\/effisca-logo-1.png","width":1200,"height":355,"caption":"Effisca"},"image":{"@id":"https:\/\/www.effisca.com\/en\/#\/schema\/logo\/image\/"},"sameAs":["https:\/\/www.facebook.com\/effisca","https:\/\/www.linkedin.com\/company\/effisca\/"]},{"@type":"Person","@id":"https:\/\/www.effisca.com\/en\/#\/schema\/person\/13d86d0788abc4808425f9f21115c887","name":"Olivier Custeau, Fiscaliste, B.A.A., M. Fisc., EA","image":{"@type":"ImageObject","inLanguage":"en-US","@id":"https:\/\/www.effisca.com\/wp-content\/litespeed\/avatar\/cafaaeca2d221a4dd49ba965325bb350.jpg?ver=1777405239","url":"https:\/\/www.effisca.com\/wp-content\/litespeed\/avatar\/cafaaeca2d221a4dd49ba965325bb350.jpg?ver=1777405239","contentUrl":"https:\/\/www.effisca.com\/wp-content\/litespeed\/avatar\/cafaaeca2d221a4dd49ba965325bb350.jpg?ver=1777405239","caption":"Olivier Custeau, Fiscaliste, B.A.A., M. Fisc., EA"},"description":"D\u00e9tenteur d\u2019un baccalaur\u00e9at en administration des affaires (B.A.A.) de l\u2019Universit\u00e9 Laval et d\u2019une ma\u00eetrise en fiscalit\u00e9 (M. Fisc.) de l\u2019Universit\u00e9 de Sherbrooke, Olivier a d\u00e9velopp\u00e9 une expertise en fiscalit\u00e9 am\u00e9ricaine et internationale en travaillant au sein d\u2019un cabinet renomm\u00e9. Au fil des ans, il a d\u00e9velopp\u00e9 un int\u00e9r\u00eat marqu\u00e9 pour la fiscalit\u00e9 am\u00e9ricaine. D\u2019ailleurs, il a obtenu 2019 le statut de Enrolled Agent, soit le plus haut niveau qu\u2019un professionnel peut atteindre pour repr\u00e9senter ses clients aupr\u00e8s de l\u2019Internal Revenue Service (IRS). Reconnu pour son approche rigoureuse, dynamique et humaine, Olivier est un atout pour l\u2019\u00e9quipe.","url":"https:\/\/www.effisca.com\/en\/author\/olivier-custeau\/"}]}},"_links":{"self":[{"href":"https:\/\/www.effisca.com\/en\/wp-json\/wp\/v2\/posts\/6218","targetHints":{"allow":["GET"]}}],"collection":[{"href":"https:\/\/www.effisca.com\/en\/wp-json\/wp\/v2\/posts"}],"about":[{"href":"https:\/\/www.effisca.com\/en\/wp-json\/wp\/v2\/types\/post"}],"author":[{"embeddable":true,"href":"https:\/\/www.effisca.com\/en\/wp-json\/wp\/v2\/users\/5"}],"replies":[{"embeddable":true,"href":"https:\/\/www.effisca.com\/en\/wp-json\/wp\/v2\/comments?post=6218"}],"version-history":[{"count":4,"href":"https:\/\/www.effisca.com\/en\/wp-json\/wp\/v2\/posts\/6218\/revisions"}],"predecessor-version":[{"id":6487,"href":"https:\/\/www.effisca.com\/en\/wp-json\/wp\/v2\/posts\/6218\/revisions\/6487"}],"wp:featuredmedia":[{"embeddable":true,"href":"https:\/\/www.effisca.com\/en\/wp-json\/wp\/v2\/media\/7642"}],"wp:attachment":[{"href":"https:\/\/www.effisca.com\/en\/wp-json\/wp\/v2\/media?parent=6218"}],"wp:term":[{"taxonomy":"category","embeddable":true,"href":"https:\/\/www.effisca.com\/en\/wp-json\/wp\/v2\/categories?post=6218"},{"taxonomy":"post_tag","embeddable":true,"href":"https:\/\/www.effisca.com\/en\/wp-json\/wp\/v2\/tags?post=6218"}],"curies":[{"name":"wp","href":"https:\/\/api.w.org\/{rel}","templated":true}]}}