{"id":6200,"date":"2021-02-26T08:40:10","date_gmt":"2021-02-26T13:40:10","guid":{"rendered":"https:\/\/www.effisca.com\/repercussions-of-a-change-in-the-use-of-your-property\/"},"modified":"2021-10-20T10:44:18","modified_gmt":"2021-10-20T14:44:18","slug":"repercussions-of-a-change-in-the-use-of-your-property","status":"publish","type":"post","link":"https:\/\/www.effisca.com\/en\/repercussions-of-a-change-in-the-use-of-your-property\/","title":{"rendered":"Repercussions of a change in the use of your property"},"content":{"rendered":"\n<p>If you have left Canada or bought a new property and you have decided to rent your old property that you used to be your primary residence, you will need to make a change in use. This is the transformation of a primary residence into a good income earning (rental income).<\/p>\n\n<p><p><b>Deemed sale<\/b><\/p><\/p>\n\n<p>When such a situation arises, for the purposes of the Income Tax Act, you are deemed to have sold your property at its fair market value (FMV) and this must be reported on your Canadian income tax return. Because the change in use is a form of deemed disposition (also known as a &#8220;deemed sale&#8221;), it may result in a capital gain if you are not able to exempt it in full.<\/p>\n\n<p>You will also be presumed to have acquired it again at that same FMV. Thus, upon the actual disposition of your property, the capital gain will be adjusted based on this deemed sale. This same presumption also applies to partial changes of use, for example the conversion of part of a house to a duplex.<\/p>\n\n<p>If the change takes the opposite path instead, transforming an asset used to earn income into a principal residence, the same rules will apply. However, you can normally make a tax election that will defer the deemed disposition.<\/p>\n\n<p><p><b>Postponement of deemed disposition<\/b><\/p><\/p>\n\n<p>If you start renting a property that previously served as your principal residence, you can defer the deemed disposition by making an election under subsection 45 (2) of the Act. For this election to be valid, a letter must be prepared and attached to your Canadian income tax return in the year of the change in use.<\/p>\n\n<p>A late election may be accepted by the CRA, but penalties may apply. In addition to not being deemed to have made a change in use, this choice allows you to designate your old property as your primary residence for four additional years. However, this election will be overridden if you use capital cost allowance in a subsequent year.<\/p>\n\n<p>Conversely, if you begin to normally live in your previously rented property, you can make the election under subsection 45 (3) of the Act. This choice will also allow you to defer the deemed sale and to designate this property as your principal residence for four additional years. For this election to be valid, no capital cost allowance must have been used throughout the rental period.<\/p>\n\n<p>Finally, it should be noted that these choices are only available to residents of Canada and are intended for complete changes of use only.<\/p>\n\n<p>To find out more, do not hesitate to contact one of our tax experts. We can assist you during a change of use and validate the relevance of making the available tax choices.<\/p>\n","protected":false},"excerpt":{"rendered":"<p>If you have left Canada or bought a new property and you have decided to rent your old property that you used to be your primary residence, you will need to make a change in use. This is the transformation of a primary residence into a good income earning (rental income). Deemed sale When such [&hellip;]<\/p>\n","protected":false},"author":5,"featured_media":6198,"comment_status":"closed","ping_status":"closed","sticky":false,"template":"","format":"standard","meta":{"_acf_changed":false,"inline_featured_image":false,"footnotes":""},"categories":[357],"tags":[41,110,111,113,198,200,257],"class_list":["post-6200","post","type-post","status-publish","format-standard","has-post-thumbnail","hentry","category-real-estate-taxation","tag-individual","tag-emigration-from-canada","tag-deemed-sale","tag-deemed-alienation","tag-emigration-from-canada-en","tag-rental-income-en","tag-fiscalite-en"],"acf":[],"yoast_head":"<!-- This site is optimized with the Yoast SEO plugin v27.5 - https:\/\/yoast.com\/product\/yoast-seo-wordpress\/ -->\n<title>Repercussions of a change in the use of your property | Effisca<\/title>\n<meta name=\"description\" content=\"If you decide to rent out your property, which until now has served as your primary residence, you will need to make a change in use.\" \/>\n<meta name=\"robots\" content=\"index, follow, max-snippet:-1, max-image-preview:large, max-video-preview:-1\" \/>\n<link rel=\"canonical\" href=\"https:\/\/www.effisca.com\/en\/repercussions-of-a-change-in-the-use-of-your-property\/\" \/>\n<meta property=\"og:locale\" content=\"en_US\" \/>\n<meta property=\"og:type\" content=\"article\" \/>\n<meta property=\"og:title\" content=\"Repercussions of a change in the use of your property | Effisca\" \/>\n<meta property=\"og:description\" content=\"If you decide to rent out your property, which until now has served as your primary residence, you will need to make a change in use.\" \/>\n<meta property=\"og:url\" content=\"https:\/\/www.effisca.com\/en\/repercussions-of-a-change-in-the-use-of-your-property\/\" \/>\n<meta property=\"og:site_name\" content=\"Effisca\" \/>\n<meta property=\"article:publisher\" content=\"https:\/\/www.facebook.com\/effisca\" \/>\n<meta property=\"article:published_time\" content=\"2021-02-26T13:40:10+00:00\" \/>\n<meta property=\"article:modified_time\" content=\"2021-10-20T14:44:18+00:00\" \/>\n<meta property=\"og:image\" content=\"https:\/\/www.effisca.com\/wp-content\/uploads\/2021\/04\/changement-usage-propriete-effisca-fiscalite.jpg\" \/>\n\t<meta property=\"og:image:width\" content=\"1920\" \/>\n\t<meta property=\"og:image:height\" content=\"1280\" \/>\n\t<meta property=\"og:image:type\" content=\"image\/jpeg\" \/>\n<meta name=\"author\" content=\"Olivier Custeau, Fiscaliste, B.A.A., M. Fisc., EA\" \/>\n<meta name=\"twitter:card\" content=\"summary_large_image\" \/>\n<meta name=\"twitter:label1\" content=\"Written by\" \/>\n\t<meta name=\"twitter:data1\" content=\"Olivier Custeau, tax expert, B.A.A., M. Fisc., EA\" \/>\n\t<meta name=\"twitter:label2\" content=\"Est. reading time\" \/>\n\t<meta name=\"twitter:data2\" content=\"2 minutes\" \/>\n<script type=\"application\/ld+json\" class=\"yoast-schema-graph\">{\"@context\":\"https:\\\/\\\/schema.org\",\"@graph\":[{\"@type\":\"Article\",\"@id\":\"https:\\\/\\\/www.effisca.com\\\/en\\\/repercussions-of-a-change-in-the-use-of-your-property\\\/#article\",\"isPartOf\":{\"@id\":\"https:\\\/\\\/www.effisca.com\\\/en\\\/repercussions-of-a-change-in-the-use-of-your-property\\\/\"},\"author\":{\"name\":\"Olivier Custeau, Fiscaliste, B.A.A., M. Fisc., EA\",\"@id\":\"https:\\\/\\\/www.effisca.com\\\/en\\\/#\\\/schema\\\/person\\\/13d86d0788abc4808425f9f21115c887\"},\"headline\":\"Repercussions of a change in the use of your property\",\"datePublished\":\"2021-02-26T13:40:10+00:00\",\"dateModified\":\"2021-10-20T14:44:18+00:00\",\"mainEntityOfPage\":{\"@id\":\"https:\\\/\\\/www.effisca.com\\\/en\\\/repercussions-of-a-change-in-the-use-of-your-property\\\/\"},\"wordCount\":467,\"publisher\":{\"@id\":\"https:\\\/\\\/www.effisca.com\\\/en\\\/#organization\"},\"image\":{\"@id\":\"https:\\\/\\\/www.effisca.com\\\/en\\\/repercussions-of-a-change-in-the-use-of-your-property\\\/#primaryimage\"},\"thumbnailUrl\":\"https:\\\/\\\/www.effisca.com\\\/wp-content\\\/uploads\\\/2021\\\/04\\\/changement-usage-propriete-effisca-fiscalite.jpg\",\"keywords\":[\"individual\",\"emigration from Canada\",\"deemed sale\",\"deemed alienation\",\"emigration from Canada\",\"rental income\",\"fiscalit\u00e9\"],\"articleSection\":[\"Real estate taxation\"],\"inLanguage\":\"en-US\"},{\"@type\":\"WebPage\",\"@id\":\"https:\\\/\\\/www.effisca.com\\\/en\\\/repercussions-of-a-change-in-the-use-of-your-property\\\/\",\"url\":\"https:\\\/\\\/www.effisca.com\\\/en\\\/repercussions-of-a-change-in-the-use-of-your-property\\\/\",\"name\":\"Repercussions of a change in the use of your property | Effisca\",\"isPartOf\":{\"@id\":\"https:\\\/\\\/www.effisca.com\\\/en\\\/#website\"},\"primaryImageOfPage\":{\"@id\":\"https:\\\/\\\/www.effisca.com\\\/en\\\/repercussions-of-a-change-in-the-use-of-your-property\\\/#primaryimage\"},\"image\":{\"@id\":\"https:\\\/\\\/www.effisca.com\\\/en\\\/repercussions-of-a-change-in-the-use-of-your-property\\\/#primaryimage\"},\"thumbnailUrl\":\"https:\\\/\\\/www.effisca.com\\\/wp-content\\\/uploads\\\/2021\\\/04\\\/changement-usage-propriete-effisca-fiscalite.jpg\",\"datePublished\":\"2021-02-26T13:40:10+00:00\",\"dateModified\":\"2021-10-20T14:44:18+00:00\",\"description\":\"If you decide to rent out your property, which until now has served as your primary residence, you will need to make a change in use.\",\"breadcrumb\":{\"@id\":\"https:\\\/\\\/www.effisca.com\\\/en\\\/repercussions-of-a-change-in-the-use-of-your-property\\\/#breadcrumb\"},\"inLanguage\":\"en-US\",\"potentialAction\":[{\"@type\":\"ReadAction\",\"target\":[\"https:\\\/\\\/www.effisca.com\\\/en\\\/repercussions-of-a-change-in-the-use-of-your-property\\\/\"]}]},{\"@type\":\"ImageObject\",\"inLanguage\":\"en-US\",\"@id\":\"https:\\\/\\\/www.effisca.com\\\/en\\\/repercussions-of-a-change-in-the-use-of-your-property\\\/#primaryimage\",\"url\":\"https:\\\/\\\/www.effisca.com\\\/wp-content\\\/uploads\\\/2021\\\/04\\\/changement-usage-propriete-effisca-fiscalite.jpg\",\"contentUrl\":\"https:\\\/\\\/www.effisca.com\\\/wp-content\\\/uploads\\\/2021\\\/04\\\/changement-usage-propriete-effisca-fiscalite.jpg\",\"width\":1920,\"height\":1280},{\"@type\":\"BreadcrumbList\",\"@id\":\"https:\\\/\\\/www.effisca.com\\\/en\\\/repercussions-of-a-change-in-the-use-of-your-property\\\/#breadcrumb\",\"itemListElement\":[{\"@type\":\"ListItem\",\"position\":1,\"name\":\"Accueil\",\"item\":\"https:\\\/\\\/www.effisca.com\\\/en\\\/\"},{\"@type\":\"ListItem\",\"position\":2,\"name\":\"Repercussions of a change in the use of your property\"}]},{\"@type\":\"WebSite\",\"@id\":\"https:\\\/\\\/www.effisca.com\\\/en\\\/#website\",\"url\":\"https:\\\/\\\/www.effisca.com\\\/en\\\/\",\"name\":\"Effisca\",\"description\":\"Tax firm specializing in Canadian, US and international tax\",\"publisher\":{\"@id\":\"https:\\\/\\\/www.effisca.com\\\/en\\\/#organization\"},\"potentialAction\":[{\"@type\":\"SearchAction\",\"target\":{\"@type\":\"EntryPoint\",\"urlTemplate\":\"https:\\\/\\\/www.effisca.com\\\/en\\\/?s={search_term_string}\"},\"query-input\":{\"@type\":\"PropertyValueSpecification\",\"valueRequired\":true,\"valueName\":\"search_term_string\"}}],\"inLanguage\":\"en-US\"},{\"@type\":\"Organization\",\"@id\":\"https:\\\/\\\/www.effisca.com\\\/en\\\/#organization\",\"name\":\"Effisca\",\"url\":\"https:\\\/\\\/www.effisca.com\\\/en\\\/\",\"logo\":{\"@type\":\"ImageObject\",\"inLanguage\":\"en-US\",\"@id\":\"https:\\\/\\\/www.effisca.com\\\/en\\\/#\\\/schema\\\/logo\\\/image\\\/\",\"url\":\"https:\\\/\\\/www.effisca.com\\\/wp-content\\\/uploads\\\/2021\\\/01\\\/effisca-logo-1.png\",\"contentUrl\":\"https:\\\/\\\/www.effisca.com\\\/wp-content\\\/uploads\\\/2021\\\/01\\\/effisca-logo-1.png\",\"width\":1200,\"height\":355,\"caption\":\"Effisca\"},\"image\":{\"@id\":\"https:\\\/\\\/www.effisca.com\\\/en\\\/#\\\/schema\\\/logo\\\/image\\\/\"},\"sameAs\":[\"https:\\\/\\\/www.facebook.com\\\/effisca\",\"https:\\\/\\\/www.linkedin.com\\\/company\\\/effisca\\\/\"]},{\"@type\":\"Person\",\"@id\":\"https:\\\/\\\/www.effisca.com\\\/en\\\/#\\\/schema\\\/person\\\/13d86d0788abc4808425f9f21115c887\",\"name\":\"Olivier Custeau, Fiscaliste, B.A.A., M. Fisc., EA\",\"image\":{\"@type\":\"ImageObject\",\"inLanguage\":\"en-US\",\"@id\":\"https:\\\/\\\/www.effisca.com\\\/wp-content\\\/litespeed\\\/avatar\\\/cafaaeca2d221a4dd49ba965325bb350.jpg?ver=1777405239\",\"url\":\"https:\\\/\\\/www.effisca.com\\\/wp-content\\\/litespeed\\\/avatar\\\/cafaaeca2d221a4dd49ba965325bb350.jpg?ver=1777405239\",\"contentUrl\":\"https:\\\/\\\/www.effisca.com\\\/wp-content\\\/litespeed\\\/avatar\\\/cafaaeca2d221a4dd49ba965325bb350.jpg?ver=1777405239\",\"caption\":\"Olivier Custeau, Fiscaliste, B.A.A., M. Fisc., EA\"},\"description\":\"D\u00e9tenteur d\u2019un baccalaur\u00e9at en administration des affaires (B.A.A.) de l\u2019Universit\u00e9 Laval et d\u2019une ma\u00eetrise en fiscalit\u00e9 (M. Fisc.) de l\u2019Universit\u00e9 de Sherbrooke, Olivier a d\u00e9velopp\u00e9 une expertise en fiscalit\u00e9 am\u00e9ricaine et internationale en travaillant au sein d\u2019un cabinet renomm\u00e9. Au fil des ans, il a d\u00e9velopp\u00e9 un int\u00e9r\u00eat marqu\u00e9 pour la fiscalit\u00e9 am\u00e9ricaine. D\u2019ailleurs, il a obtenu 2019 le statut de Enrolled Agent, soit le plus haut niveau qu\u2019un professionnel peut atteindre pour repr\u00e9senter ses clients aupr\u00e8s de l\u2019Internal Revenue Service (IRS). Reconnu pour son approche rigoureuse, dynamique et humaine, Olivier est un atout pour l\u2019\u00e9quipe.\",\"url\":\"https:\\\/\\\/www.effisca.com\\\/en\\\/author\\\/olivier-custeau\\\/\"}]}<\/script>\n<!-- \/ Yoast SEO plugin. -->","yoast_head_json":{"title":"Repercussions of a change in the use of your property | Effisca","description":"If you decide to rent out your property, which until now has served as your primary residence, you will need to make a change in use.","robots":{"index":"index","follow":"follow","max-snippet":"max-snippet:-1","max-image-preview":"max-image-preview:large","max-video-preview":"max-video-preview:-1"},"canonical":"https:\/\/www.effisca.com\/en\/repercussions-of-a-change-in-the-use-of-your-property\/","og_locale":"en_US","og_type":"article","og_title":"Repercussions of a change in the use of your property | Effisca","og_description":"If you decide to rent out your property, which until now has served as your primary residence, you will need to make a change in use.","og_url":"https:\/\/www.effisca.com\/en\/repercussions-of-a-change-in-the-use-of-your-property\/","og_site_name":"Effisca","article_publisher":"https:\/\/www.facebook.com\/effisca","article_published_time":"2021-02-26T13:40:10+00:00","article_modified_time":"2021-10-20T14:44:18+00:00","og_image":[{"width":1920,"height":1280,"url":"https:\/\/www.effisca.com\/wp-content\/uploads\/2021\/04\/changement-usage-propriete-effisca-fiscalite.jpg","type":"image\/jpeg"}],"author":"Olivier Custeau, Fiscaliste, B.A.A., M. Fisc., EA","twitter_card":"summary_large_image","twitter_misc":{"Written by":"Olivier Custeau, tax expert, B.A.A., M. Fisc., EA","Est. reading time":"2 minutes"},"schema":{"@context":"https:\/\/schema.org","@graph":[{"@type":"Article","@id":"https:\/\/www.effisca.com\/en\/repercussions-of-a-change-in-the-use-of-your-property\/#article","isPartOf":{"@id":"https:\/\/www.effisca.com\/en\/repercussions-of-a-change-in-the-use-of-your-property\/"},"author":{"name":"Olivier Custeau, Fiscaliste, B.A.A., M. Fisc., EA","@id":"https:\/\/www.effisca.com\/en\/#\/schema\/person\/13d86d0788abc4808425f9f21115c887"},"headline":"Repercussions of a change in the use of your property","datePublished":"2021-02-26T13:40:10+00:00","dateModified":"2021-10-20T14:44:18+00:00","mainEntityOfPage":{"@id":"https:\/\/www.effisca.com\/en\/repercussions-of-a-change-in-the-use-of-your-property\/"},"wordCount":467,"publisher":{"@id":"https:\/\/www.effisca.com\/en\/#organization"},"image":{"@id":"https:\/\/www.effisca.com\/en\/repercussions-of-a-change-in-the-use-of-your-property\/#primaryimage"},"thumbnailUrl":"https:\/\/www.effisca.com\/wp-content\/uploads\/2021\/04\/changement-usage-propriete-effisca-fiscalite.jpg","keywords":["individual","emigration from Canada","deemed sale","deemed alienation","emigration from Canada","rental income","fiscalit\u00e9"],"articleSection":["Real estate taxation"],"inLanguage":"en-US"},{"@type":"WebPage","@id":"https:\/\/www.effisca.com\/en\/repercussions-of-a-change-in-the-use-of-your-property\/","url":"https:\/\/www.effisca.com\/en\/repercussions-of-a-change-in-the-use-of-your-property\/","name":"Repercussions of a change in the use of your property | Effisca","isPartOf":{"@id":"https:\/\/www.effisca.com\/en\/#website"},"primaryImageOfPage":{"@id":"https:\/\/www.effisca.com\/en\/repercussions-of-a-change-in-the-use-of-your-property\/#primaryimage"},"image":{"@id":"https:\/\/www.effisca.com\/en\/repercussions-of-a-change-in-the-use-of-your-property\/#primaryimage"},"thumbnailUrl":"https:\/\/www.effisca.com\/wp-content\/uploads\/2021\/04\/changement-usage-propriete-effisca-fiscalite.jpg","datePublished":"2021-02-26T13:40:10+00:00","dateModified":"2021-10-20T14:44:18+00:00","description":"If you decide to rent out your property, which until now has served as your primary residence, you will need to make a change in use.","breadcrumb":{"@id":"https:\/\/www.effisca.com\/en\/repercussions-of-a-change-in-the-use-of-your-property\/#breadcrumb"},"inLanguage":"en-US","potentialAction":[{"@type":"ReadAction","target":["https:\/\/www.effisca.com\/en\/repercussions-of-a-change-in-the-use-of-your-property\/"]}]},{"@type":"ImageObject","inLanguage":"en-US","@id":"https:\/\/www.effisca.com\/en\/repercussions-of-a-change-in-the-use-of-your-property\/#primaryimage","url":"https:\/\/www.effisca.com\/wp-content\/uploads\/2021\/04\/changement-usage-propriete-effisca-fiscalite.jpg","contentUrl":"https:\/\/www.effisca.com\/wp-content\/uploads\/2021\/04\/changement-usage-propriete-effisca-fiscalite.jpg","width":1920,"height":1280},{"@type":"BreadcrumbList","@id":"https:\/\/www.effisca.com\/en\/repercussions-of-a-change-in-the-use-of-your-property\/#breadcrumb","itemListElement":[{"@type":"ListItem","position":1,"name":"Accueil","item":"https:\/\/www.effisca.com\/en\/"},{"@type":"ListItem","position":2,"name":"Repercussions of a change in the use of your property"}]},{"@type":"WebSite","@id":"https:\/\/www.effisca.com\/en\/#website","url":"https:\/\/www.effisca.com\/en\/","name":"Effisca","description":"Tax firm specializing in Canadian, US and international tax","publisher":{"@id":"https:\/\/www.effisca.com\/en\/#organization"},"potentialAction":[{"@type":"SearchAction","target":{"@type":"EntryPoint","urlTemplate":"https:\/\/www.effisca.com\/en\/?s={search_term_string}"},"query-input":{"@type":"PropertyValueSpecification","valueRequired":true,"valueName":"search_term_string"}}],"inLanguage":"en-US"},{"@type":"Organization","@id":"https:\/\/www.effisca.com\/en\/#organization","name":"Effisca","url":"https:\/\/www.effisca.com\/en\/","logo":{"@type":"ImageObject","inLanguage":"en-US","@id":"https:\/\/www.effisca.com\/en\/#\/schema\/logo\/image\/","url":"https:\/\/www.effisca.com\/wp-content\/uploads\/2021\/01\/effisca-logo-1.png","contentUrl":"https:\/\/www.effisca.com\/wp-content\/uploads\/2021\/01\/effisca-logo-1.png","width":1200,"height":355,"caption":"Effisca"},"image":{"@id":"https:\/\/www.effisca.com\/en\/#\/schema\/logo\/image\/"},"sameAs":["https:\/\/www.facebook.com\/effisca","https:\/\/www.linkedin.com\/company\/effisca\/"]},{"@type":"Person","@id":"https:\/\/www.effisca.com\/en\/#\/schema\/person\/13d86d0788abc4808425f9f21115c887","name":"Olivier Custeau, Fiscaliste, B.A.A., M. Fisc., EA","image":{"@type":"ImageObject","inLanguage":"en-US","@id":"https:\/\/www.effisca.com\/wp-content\/litespeed\/avatar\/cafaaeca2d221a4dd49ba965325bb350.jpg?ver=1777405239","url":"https:\/\/www.effisca.com\/wp-content\/litespeed\/avatar\/cafaaeca2d221a4dd49ba965325bb350.jpg?ver=1777405239","contentUrl":"https:\/\/www.effisca.com\/wp-content\/litespeed\/avatar\/cafaaeca2d221a4dd49ba965325bb350.jpg?ver=1777405239","caption":"Olivier Custeau, Fiscaliste, B.A.A., M. Fisc., EA"},"description":"D\u00e9tenteur d\u2019un baccalaur\u00e9at en administration des affaires (B.A.A.) de l\u2019Universit\u00e9 Laval et d\u2019une ma\u00eetrise en fiscalit\u00e9 (M. Fisc.) de l\u2019Universit\u00e9 de Sherbrooke, Olivier a d\u00e9velopp\u00e9 une expertise en fiscalit\u00e9 am\u00e9ricaine et internationale en travaillant au sein d\u2019un cabinet renomm\u00e9. Au fil des ans, il a d\u00e9velopp\u00e9 un int\u00e9r\u00eat marqu\u00e9 pour la fiscalit\u00e9 am\u00e9ricaine. D\u2019ailleurs, il a obtenu 2019 le statut de Enrolled Agent, soit le plus haut niveau qu\u2019un professionnel peut atteindre pour repr\u00e9senter ses clients aupr\u00e8s de l\u2019Internal Revenue Service (IRS). Reconnu pour son approche rigoureuse, dynamique et humaine, Olivier est un atout pour l\u2019\u00e9quipe.","url":"https:\/\/www.effisca.com\/en\/author\/olivier-custeau\/"}]}},"_links":{"self":[{"href":"https:\/\/www.effisca.com\/en\/wp-json\/wp\/v2\/posts\/6200","targetHints":{"allow":["GET"]}}],"collection":[{"href":"https:\/\/www.effisca.com\/en\/wp-json\/wp\/v2\/posts"}],"about":[{"href":"https:\/\/www.effisca.com\/en\/wp-json\/wp\/v2\/types\/post"}],"author":[{"embeddable":true,"href":"https:\/\/www.effisca.com\/en\/wp-json\/wp\/v2\/users\/5"}],"replies":[{"embeddable":true,"href":"https:\/\/www.effisca.com\/en\/wp-json\/wp\/v2\/comments?post=6200"}],"version-history":[{"count":8,"href":"https:\/\/www.effisca.com\/en\/wp-json\/wp\/v2\/posts\/6200\/revisions"}],"predecessor-version":[{"id":6504,"href":"https:\/\/www.effisca.com\/en\/wp-json\/wp\/v2\/posts\/6200\/revisions\/6504"}],"wp:featuredmedia":[{"embeddable":true,"href":"https:\/\/www.effisca.com\/en\/wp-json\/wp\/v2\/media\/6198"}],"wp:attachment":[{"href":"https:\/\/www.effisca.com\/en\/wp-json\/wp\/v2\/media?parent=6200"}],"wp:term":[{"taxonomy":"category","embeddable":true,"href":"https:\/\/www.effisca.com\/en\/wp-json\/wp\/v2\/categories?post=6200"},{"taxonomy":"post_tag","embeddable":true,"href":"https:\/\/www.effisca.com\/en\/wp-json\/wp\/v2\/tags?post=6200"}],"curies":[{"name":"wp","href":"https:\/\/api.w.org\/{rel}","templated":true}]}}