{"id":6182,"date":"2021-03-12T07:45:00","date_gmt":"2021-03-12T12:45:00","guid":{"rendered":"https:\/\/www.effisca.com\/does-the-section-217-election-apply-to-you\/"},"modified":"2021-11-08T16:01:16","modified_gmt":"2021-11-08T21:01:16","slug":"does-the-section-217-election-apply-to-you","status":"publish","type":"post","link":"https:\/\/www.effisca.com\/en\/does-the-section-217-election-apply-to-you\/","title":{"rendered":"Does the section 217 election apply to you?"},"content":{"rendered":"\n<p>As a non-resident of Canada, passive income (dividends, interest, pensions, etc.) paid or credited to you is generally subject to withholding tax of 25%. This withholding represents Part XIII tax. This could normally be reduced by the <a href=\"https:\/\/www.canada.ca\/en\/department-finance\/programs\/tax-policy\/tax-treaties\/in-force.html\">tax treaties<\/a> in force.<\/p>\n\n\n\n<p>No Canadian income tax return is required when these amounts are paid to you. However, for rental income from real estate located in Canada, you have the option of declaring this income on a separate Canadian income tax return.<\/p>\n\n\n\n<h2 class=\"wp-block-heading\"><strong>Electing under section 217<\/strong><\/h2>\n\n\n\n<p>An election under section 217 of the Income Tax Act is also available for pension plans (Quebec Pension Plan and Registered Retirement Savings Plan, for example) and most pension income, collectively referred to as \u201cqualifying Canadian source income\u201d.<\/p>\n\n\n\n<p>This tax choice may be advantageous if your income, otherwise subject to withholding tax of 25% (or less), is taxable at a higher rate than if it were reported on a Canadian income tax return. Under this election, your eligible income from Canadian sources would be taxable as if you were a resident of Canada. However, your worldwide source income should be taken into account when calculating the tax rate.<\/p>\n\n\n\n<p>We therefore advise you to contact one of our tax experts to confirm whether the choice provided for in section 217 is advantageous for you since several parameters must be analyzed. The &#8220;Electing Under Section 217&#8221; return must generally be filed no later than June 30, but any balance due is payable on April 30.<\/p>\n\n\n\n<h2 class=\"wp-block-heading\"><strong>To know more<\/strong><\/h2>\n\n\n\n<p>This article does not cover all the things to consider when choosing. So, if you want to know more, don&#8217;t hesitate to make an appointment with one of our tax experts. We are used to dealing with these situations and will be able to advise you well.<\/p>\n","protected":false},"excerpt":{"rendered":"<p>The section 217 election may be advantageous if your income is taxable at a higher rate than if it were reported on a Canadian income tax return.<\/p>\n","protected":false},"author":5,"featured_media":7633,"comment_status":"closed","ping_status":"closed","sticky":false,"template":"","format":"standard","meta":{"_acf_changed":false,"inline_featured_image":false,"footnotes":""},"categories":[70],"tags":[41,46,200,201,203,204,257],"class_list":["post-6182","post","type-post","status-publish","format-standard","has-post-thumbnail","hentry","category-international-tax","tag-individual","tag-canadian-tax","tag-rental-income-en","tag-non-residents-of-canada-en","tag-pension-plan-en","tag-pension-income-en","tag-fiscalite-en"],"acf":[],"yoast_head":"<!-- This site is optimized with the Yoast SEO plugin v27.5 - https:\/\/yoast.com\/product\/yoast-seo-wordpress\/ -->\n<title>Does the section 217 election apply to you? | Effisca<\/title>\n<meta name=\"description\" content=\"The section 217 election may be advantageous if your income is taxable at a higher rate than if it were reported on a Canadian income tax return.\" \/>\n<meta name=\"robots\" content=\"index, follow, max-snippet:-1, max-image-preview:large, max-video-preview:-1\" \/>\n<link rel=\"canonical\" href=\"https:\/\/www.effisca.com\/en\/does-the-section-217-election-apply-to-you\/\" \/>\n<meta property=\"og:locale\" content=\"en_US\" \/>\n<meta property=\"og:type\" content=\"article\" \/>\n<meta property=\"og:title\" content=\"Does the section 217 election apply to you? | Effisca\" \/>\n<meta property=\"og:description\" content=\"The section 217 election may be advantageous if your income is taxable at a higher rate than if it were reported on a Canadian income tax return.\" \/>\n<meta property=\"og:url\" content=\"https:\/\/www.effisca.com\/en\/does-the-section-217-election-apply-to-you\/\" \/>\n<meta property=\"og:site_name\" content=\"Effisca\" \/>\n<meta property=\"article:publisher\" content=\"https:\/\/www.facebook.com\/effisca\" \/>\n<meta property=\"article:published_time\" content=\"2021-03-12T12:45:00+00:00\" \/>\n<meta property=\"article:modified_time\" content=\"2021-11-08T21:01:16+00:00\" \/>\n<meta property=\"og:image\" content=\"https:\/\/www.effisca.com\/wp-content\/uploads\/2021\/03\/esther-ann-glpYh1cWf0o-unsplash-scaled.jpg\" \/>\n\t<meta property=\"og:image:width\" content=\"2560\" \/>\n\t<meta property=\"og:image:height\" content=\"1703\" \/>\n\t<meta property=\"og:image:type\" content=\"image\/jpeg\" \/>\n<meta name=\"author\" content=\"Olivier Custeau, Fiscaliste, B.A.A., M. Fisc., EA\" \/>\n<meta name=\"twitter:card\" content=\"summary_large_image\" \/>\n<meta name=\"twitter:label1\" content=\"Written by\" \/>\n\t<meta name=\"twitter:data1\" content=\"Olivier Custeau, tax expert, B.A.A., M. Fisc., EA\" \/>\n\t<meta name=\"twitter:label2\" content=\"Est. reading time\" \/>\n\t<meta name=\"twitter:data2\" content=\"2 minutes\" \/>\n<script type=\"application\/ld+json\" class=\"yoast-schema-graph\">{\"@context\":\"https:\\\/\\\/schema.org\",\"@graph\":[{\"@type\":\"Article\",\"@id\":\"https:\\\/\\\/www.effisca.com\\\/en\\\/does-the-section-217-election-apply-to-you\\\/#article\",\"isPartOf\":{\"@id\":\"https:\\\/\\\/www.effisca.com\\\/en\\\/does-the-section-217-election-apply-to-you\\\/\"},\"author\":{\"name\":\"Olivier Custeau, Fiscaliste, B.A.A., M. Fisc., EA\",\"@id\":\"https:\\\/\\\/www.effisca.com\\\/en\\\/#\\\/schema\\\/person\\\/13d86d0788abc4808425f9f21115c887\"},\"headline\":\"Does the section 217 election apply to you?\",\"datePublished\":\"2021-03-12T12:45:00+00:00\",\"dateModified\":\"2021-11-08T21:01:16+00:00\",\"mainEntityOfPage\":{\"@id\":\"https:\\\/\\\/www.effisca.com\\\/en\\\/does-the-section-217-election-apply-to-you\\\/\"},\"wordCount\":297,\"publisher\":{\"@id\":\"https:\\\/\\\/www.effisca.com\\\/en\\\/#organization\"},\"image\":{\"@id\":\"https:\\\/\\\/www.effisca.com\\\/en\\\/does-the-section-217-election-apply-to-you\\\/#primaryimage\"},\"thumbnailUrl\":\"https:\\\/\\\/www.effisca.com\\\/wp-content\\\/uploads\\\/2021\\\/03\\\/esther-ann-glpYh1cWf0o-unsplash-scaled.jpg\",\"keywords\":[\"individual\",\"Canadian tax\",\"rental income\",\"non-residents of Canada\",\"pension plan\",\"pension income\",\"fiscalit\u00e9\"],\"articleSection\":[\"International tax\"],\"inLanguage\":\"en-US\"},{\"@type\":\"WebPage\",\"@id\":\"https:\\\/\\\/www.effisca.com\\\/en\\\/does-the-section-217-election-apply-to-you\\\/\",\"url\":\"https:\\\/\\\/www.effisca.com\\\/en\\\/does-the-section-217-election-apply-to-you\\\/\",\"name\":\"Does the section 217 election apply to you? | Effisca\",\"isPartOf\":{\"@id\":\"https:\\\/\\\/www.effisca.com\\\/en\\\/#website\"},\"primaryImageOfPage\":{\"@id\":\"https:\\\/\\\/www.effisca.com\\\/en\\\/does-the-section-217-election-apply-to-you\\\/#primaryimage\"},\"image\":{\"@id\":\"https:\\\/\\\/www.effisca.com\\\/en\\\/does-the-section-217-election-apply-to-you\\\/#primaryimage\"},\"thumbnailUrl\":\"https:\\\/\\\/www.effisca.com\\\/wp-content\\\/uploads\\\/2021\\\/03\\\/esther-ann-glpYh1cWf0o-unsplash-scaled.jpg\",\"datePublished\":\"2021-03-12T12:45:00+00:00\",\"dateModified\":\"2021-11-08T21:01:16+00:00\",\"description\":\"The section 217 election may be advantageous if your income is taxable at a higher rate than if it were reported on a Canadian income tax return.\",\"breadcrumb\":{\"@id\":\"https:\\\/\\\/www.effisca.com\\\/en\\\/does-the-section-217-election-apply-to-you\\\/#breadcrumb\"},\"inLanguage\":\"en-US\",\"potentialAction\":[{\"@type\":\"ReadAction\",\"target\":[\"https:\\\/\\\/www.effisca.com\\\/en\\\/does-the-section-217-election-apply-to-you\\\/\"]}]},{\"@type\":\"ImageObject\",\"inLanguage\":\"en-US\",\"@id\":\"https:\\\/\\\/www.effisca.com\\\/en\\\/does-the-section-217-election-apply-to-you\\\/#primaryimage\",\"url\":\"https:\\\/\\\/www.effisca.com\\\/wp-content\\\/uploads\\\/2021\\\/03\\\/esther-ann-glpYh1cWf0o-unsplash-scaled.jpg\",\"contentUrl\":\"https:\\\/\\\/www.effisca.com\\\/wp-content\\\/uploads\\\/2021\\\/03\\\/esther-ann-glpYh1cWf0o-unsplash-scaled.jpg\",\"width\":2560,\"height\":1703},{\"@type\":\"BreadcrumbList\",\"@id\":\"https:\\\/\\\/www.effisca.com\\\/en\\\/does-the-section-217-election-apply-to-you\\\/#breadcrumb\",\"itemListElement\":[{\"@type\":\"ListItem\",\"position\":1,\"name\":\"Accueil\",\"item\":\"https:\\\/\\\/www.effisca.com\\\/en\\\/\"},{\"@type\":\"ListItem\",\"position\":2,\"name\":\"Does the section 217 election apply to you?\"}]},{\"@type\":\"WebSite\",\"@id\":\"https:\\\/\\\/www.effisca.com\\\/en\\\/#website\",\"url\":\"https:\\\/\\\/www.effisca.com\\\/en\\\/\",\"name\":\"Effisca\",\"description\":\"Tax firm specializing in Canadian, US and international tax\",\"publisher\":{\"@id\":\"https:\\\/\\\/www.effisca.com\\\/en\\\/#organization\"},\"potentialAction\":[{\"@type\":\"SearchAction\",\"target\":{\"@type\":\"EntryPoint\",\"urlTemplate\":\"https:\\\/\\\/www.effisca.com\\\/en\\\/?s={search_term_string}\"},\"query-input\":{\"@type\":\"PropertyValueSpecification\",\"valueRequired\":true,\"valueName\":\"search_term_string\"}}],\"inLanguage\":\"en-US\"},{\"@type\":\"Organization\",\"@id\":\"https:\\\/\\\/www.effisca.com\\\/en\\\/#organization\",\"name\":\"Effisca\",\"url\":\"https:\\\/\\\/www.effisca.com\\\/en\\\/\",\"logo\":{\"@type\":\"ImageObject\",\"inLanguage\":\"en-US\",\"@id\":\"https:\\\/\\\/www.effisca.com\\\/en\\\/#\\\/schema\\\/logo\\\/image\\\/\",\"url\":\"https:\\\/\\\/www.effisca.com\\\/wp-content\\\/uploads\\\/2021\\\/01\\\/effisca-logo-1.png\",\"contentUrl\":\"https:\\\/\\\/www.effisca.com\\\/wp-content\\\/uploads\\\/2021\\\/01\\\/effisca-logo-1.png\",\"width\":1200,\"height\":355,\"caption\":\"Effisca\"},\"image\":{\"@id\":\"https:\\\/\\\/www.effisca.com\\\/en\\\/#\\\/schema\\\/logo\\\/image\\\/\"},\"sameAs\":[\"https:\\\/\\\/www.facebook.com\\\/effisca\",\"https:\\\/\\\/www.linkedin.com\\\/company\\\/effisca\\\/\"]},{\"@type\":\"Person\",\"@id\":\"https:\\\/\\\/www.effisca.com\\\/en\\\/#\\\/schema\\\/person\\\/13d86d0788abc4808425f9f21115c887\",\"name\":\"Olivier Custeau, Fiscaliste, B.A.A., M. Fisc., EA\",\"image\":{\"@type\":\"ImageObject\",\"inLanguage\":\"en-US\",\"@id\":\"https:\\\/\\\/www.effisca.com\\\/wp-content\\\/litespeed\\\/avatar\\\/cafaaeca2d221a4dd49ba965325bb350.jpg?ver=1777405239\",\"url\":\"https:\\\/\\\/www.effisca.com\\\/wp-content\\\/litespeed\\\/avatar\\\/cafaaeca2d221a4dd49ba965325bb350.jpg?ver=1777405239\",\"contentUrl\":\"https:\\\/\\\/www.effisca.com\\\/wp-content\\\/litespeed\\\/avatar\\\/cafaaeca2d221a4dd49ba965325bb350.jpg?ver=1777405239\",\"caption\":\"Olivier Custeau, Fiscaliste, B.A.A., M. Fisc., EA\"},\"description\":\"D\u00e9tenteur d\u2019un baccalaur\u00e9at en administration des affaires (B.A.A.) de l\u2019Universit\u00e9 Laval et d\u2019une ma\u00eetrise en fiscalit\u00e9 (M. Fisc.) de l\u2019Universit\u00e9 de Sherbrooke, Olivier a d\u00e9velopp\u00e9 une expertise en fiscalit\u00e9 am\u00e9ricaine et internationale en travaillant au sein d\u2019un cabinet renomm\u00e9. Au fil des ans, il a d\u00e9velopp\u00e9 un int\u00e9r\u00eat marqu\u00e9 pour la fiscalit\u00e9 am\u00e9ricaine. D\u2019ailleurs, il a obtenu 2019 le statut de Enrolled Agent, soit le plus haut niveau qu\u2019un professionnel peut atteindre pour repr\u00e9senter ses clients aupr\u00e8s de l\u2019Internal Revenue Service (IRS). Reconnu pour son approche rigoureuse, dynamique et humaine, Olivier est un atout pour l\u2019\u00e9quipe.\",\"url\":\"https:\\\/\\\/www.effisca.com\\\/en\\\/author\\\/olivier-custeau\\\/\"}]}<\/script>\n<!-- \/ Yoast SEO plugin. -->","yoast_head_json":{"title":"Does the section 217 election apply to you? | Effisca","description":"The section 217 election may be advantageous if your income is taxable at a higher rate than if it were reported on a Canadian income tax return.","robots":{"index":"index","follow":"follow","max-snippet":"max-snippet:-1","max-image-preview":"max-image-preview:large","max-video-preview":"max-video-preview:-1"},"canonical":"https:\/\/www.effisca.com\/en\/does-the-section-217-election-apply-to-you\/","og_locale":"en_US","og_type":"article","og_title":"Does the section 217 election apply to you? | Effisca","og_description":"The section 217 election may be advantageous if your income is taxable at a higher rate than if it were reported on a Canadian income tax return.","og_url":"https:\/\/www.effisca.com\/en\/does-the-section-217-election-apply-to-you\/","og_site_name":"Effisca","article_publisher":"https:\/\/www.facebook.com\/effisca","article_published_time":"2021-03-12T12:45:00+00:00","article_modified_time":"2021-11-08T21:01:16+00:00","og_image":[{"width":2560,"height":1703,"url":"https:\/\/www.effisca.com\/wp-content\/uploads\/2021\/03\/esther-ann-glpYh1cWf0o-unsplash-scaled.jpg","type":"image\/jpeg"}],"author":"Olivier Custeau, Fiscaliste, B.A.A., M. Fisc., EA","twitter_card":"summary_large_image","twitter_misc":{"Written by":"Olivier Custeau, tax expert, B.A.A., M. Fisc., EA","Est. reading time":"2 minutes"},"schema":{"@context":"https:\/\/schema.org","@graph":[{"@type":"Article","@id":"https:\/\/www.effisca.com\/en\/does-the-section-217-election-apply-to-you\/#article","isPartOf":{"@id":"https:\/\/www.effisca.com\/en\/does-the-section-217-election-apply-to-you\/"},"author":{"name":"Olivier Custeau, Fiscaliste, B.A.A., M. Fisc., EA","@id":"https:\/\/www.effisca.com\/en\/#\/schema\/person\/13d86d0788abc4808425f9f21115c887"},"headline":"Does the section 217 election apply to you?","datePublished":"2021-03-12T12:45:00+00:00","dateModified":"2021-11-08T21:01:16+00:00","mainEntityOfPage":{"@id":"https:\/\/www.effisca.com\/en\/does-the-section-217-election-apply-to-you\/"},"wordCount":297,"publisher":{"@id":"https:\/\/www.effisca.com\/en\/#organization"},"image":{"@id":"https:\/\/www.effisca.com\/en\/does-the-section-217-election-apply-to-you\/#primaryimage"},"thumbnailUrl":"https:\/\/www.effisca.com\/wp-content\/uploads\/2021\/03\/esther-ann-glpYh1cWf0o-unsplash-scaled.jpg","keywords":["individual","Canadian tax","rental income","non-residents of Canada","pension plan","pension income","fiscalit\u00e9"],"articleSection":["International tax"],"inLanguage":"en-US"},{"@type":"WebPage","@id":"https:\/\/www.effisca.com\/en\/does-the-section-217-election-apply-to-you\/","url":"https:\/\/www.effisca.com\/en\/does-the-section-217-election-apply-to-you\/","name":"Does the section 217 election apply to you? | Effisca","isPartOf":{"@id":"https:\/\/www.effisca.com\/en\/#website"},"primaryImageOfPage":{"@id":"https:\/\/www.effisca.com\/en\/does-the-section-217-election-apply-to-you\/#primaryimage"},"image":{"@id":"https:\/\/www.effisca.com\/en\/does-the-section-217-election-apply-to-you\/#primaryimage"},"thumbnailUrl":"https:\/\/www.effisca.com\/wp-content\/uploads\/2021\/03\/esther-ann-glpYh1cWf0o-unsplash-scaled.jpg","datePublished":"2021-03-12T12:45:00+00:00","dateModified":"2021-11-08T21:01:16+00:00","description":"The section 217 election may be advantageous if your income is taxable at a higher rate than if it were reported on a Canadian income tax return.","breadcrumb":{"@id":"https:\/\/www.effisca.com\/en\/does-the-section-217-election-apply-to-you\/#breadcrumb"},"inLanguage":"en-US","potentialAction":[{"@type":"ReadAction","target":["https:\/\/www.effisca.com\/en\/does-the-section-217-election-apply-to-you\/"]}]},{"@type":"ImageObject","inLanguage":"en-US","@id":"https:\/\/www.effisca.com\/en\/does-the-section-217-election-apply-to-you\/#primaryimage","url":"https:\/\/www.effisca.com\/wp-content\/uploads\/2021\/03\/esther-ann-glpYh1cWf0o-unsplash-scaled.jpg","contentUrl":"https:\/\/www.effisca.com\/wp-content\/uploads\/2021\/03\/esther-ann-glpYh1cWf0o-unsplash-scaled.jpg","width":2560,"height":1703},{"@type":"BreadcrumbList","@id":"https:\/\/www.effisca.com\/en\/does-the-section-217-election-apply-to-you\/#breadcrumb","itemListElement":[{"@type":"ListItem","position":1,"name":"Accueil","item":"https:\/\/www.effisca.com\/en\/"},{"@type":"ListItem","position":2,"name":"Does the section 217 election apply to you?"}]},{"@type":"WebSite","@id":"https:\/\/www.effisca.com\/en\/#website","url":"https:\/\/www.effisca.com\/en\/","name":"Effisca","description":"Tax firm specializing in Canadian, US and international tax","publisher":{"@id":"https:\/\/www.effisca.com\/en\/#organization"},"potentialAction":[{"@type":"SearchAction","target":{"@type":"EntryPoint","urlTemplate":"https:\/\/www.effisca.com\/en\/?s={search_term_string}"},"query-input":{"@type":"PropertyValueSpecification","valueRequired":true,"valueName":"search_term_string"}}],"inLanguage":"en-US"},{"@type":"Organization","@id":"https:\/\/www.effisca.com\/en\/#organization","name":"Effisca","url":"https:\/\/www.effisca.com\/en\/","logo":{"@type":"ImageObject","inLanguage":"en-US","@id":"https:\/\/www.effisca.com\/en\/#\/schema\/logo\/image\/","url":"https:\/\/www.effisca.com\/wp-content\/uploads\/2021\/01\/effisca-logo-1.png","contentUrl":"https:\/\/www.effisca.com\/wp-content\/uploads\/2021\/01\/effisca-logo-1.png","width":1200,"height":355,"caption":"Effisca"},"image":{"@id":"https:\/\/www.effisca.com\/en\/#\/schema\/logo\/image\/"},"sameAs":["https:\/\/www.facebook.com\/effisca","https:\/\/www.linkedin.com\/company\/effisca\/"]},{"@type":"Person","@id":"https:\/\/www.effisca.com\/en\/#\/schema\/person\/13d86d0788abc4808425f9f21115c887","name":"Olivier Custeau, Fiscaliste, B.A.A., M. Fisc., EA","image":{"@type":"ImageObject","inLanguage":"en-US","@id":"https:\/\/www.effisca.com\/wp-content\/litespeed\/avatar\/cafaaeca2d221a4dd49ba965325bb350.jpg?ver=1777405239","url":"https:\/\/www.effisca.com\/wp-content\/litespeed\/avatar\/cafaaeca2d221a4dd49ba965325bb350.jpg?ver=1777405239","contentUrl":"https:\/\/www.effisca.com\/wp-content\/litespeed\/avatar\/cafaaeca2d221a4dd49ba965325bb350.jpg?ver=1777405239","caption":"Olivier Custeau, Fiscaliste, B.A.A., M. Fisc., EA"},"description":"D\u00e9tenteur d\u2019un baccalaur\u00e9at en administration des affaires (B.A.A.) de l\u2019Universit\u00e9 Laval et d\u2019une ma\u00eetrise en fiscalit\u00e9 (M. Fisc.) de l\u2019Universit\u00e9 de Sherbrooke, Olivier a d\u00e9velopp\u00e9 une expertise en fiscalit\u00e9 am\u00e9ricaine et internationale en travaillant au sein d\u2019un cabinet renomm\u00e9. Au fil des ans, il a d\u00e9velopp\u00e9 un int\u00e9r\u00eat marqu\u00e9 pour la fiscalit\u00e9 am\u00e9ricaine. D\u2019ailleurs, il a obtenu 2019 le statut de Enrolled Agent, soit le plus haut niveau qu\u2019un professionnel peut atteindre pour repr\u00e9senter ses clients aupr\u00e8s de l\u2019Internal Revenue Service (IRS). Reconnu pour son approche rigoureuse, dynamique et humaine, Olivier est un atout pour l\u2019\u00e9quipe.","url":"https:\/\/www.effisca.com\/en\/author\/olivier-custeau\/"}]}},"_links":{"self":[{"href":"https:\/\/www.effisca.com\/en\/wp-json\/wp\/v2\/posts\/6182","targetHints":{"allow":["GET"]}}],"collection":[{"href":"https:\/\/www.effisca.com\/en\/wp-json\/wp\/v2\/posts"}],"about":[{"href":"https:\/\/www.effisca.com\/en\/wp-json\/wp\/v2\/types\/post"}],"author":[{"embeddable":true,"href":"https:\/\/www.effisca.com\/en\/wp-json\/wp\/v2\/users\/5"}],"replies":[{"embeddable":true,"href":"https:\/\/www.effisca.com\/en\/wp-json\/wp\/v2\/comments?post=6182"}],"version-history":[{"count":8,"href":"https:\/\/www.effisca.com\/en\/wp-json\/wp\/v2\/posts\/6182\/revisions"}],"predecessor-version":[{"id":6532,"href":"https:\/\/www.effisca.com\/en\/wp-json\/wp\/v2\/posts\/6182\/revisions\/6532"}],"wp:featuredmedia":[{"embeddable":true,"href":"https:\/\/www.effisca.com\/en\/wp-json\/wp\/v2\/media\/7633"}],"wp:attachment":[{"href":"https:\/\/www.effisca.com\/en\/wp-json\/wp\/v2\/media?parent=6182"}],"wp:term":[{"taxonomy":"category","embeddable":true,"href":"https:\/\/www.effisca.com\/en\/wp-json\/wp\/v2\/categories?post=6182"},{"taxonomy":"post_tag","embeddable":true,"href":"https:\/\/www.effisca.com\/en\/wp-json\/wp\/v2\/tags?post=6182"}],"curies":[{"name":"wp","href":"https:\/\/api.w.org\/{rel}","templated":true}]}}